{"id":786,"date":"2020-06-03T09:35:41","date_gmt":"2020-06-03T07:35:41","guid":{"rendered":"http:\/\/educationbiencommun.fr\/?p=786"},"modified":"2020-06-03T09:35:41","modified_gmt":"2020-06-03T07:35:41","slug":"leducation-est-un-bien-commun","status":"publish","type":"post","link":"https:\/\/education-bien-commun.fr\/?p=786","title":{"rendered":"L&rsquo;\u00e9ducation est un Bien commun"},"content":{"rendered":"\n<figure class=\"wp-block-image size-large\"><img loading=\"lazy\" decoding=\"async\" width=\"624\" height=\"351\" src=\"https:\/\/education-bien-commun.fr\/wp-content\/uploads\/2020\/06\/cartes-climatiques-ccca7coles-du-monde-entier_wavetrophy-3.jpg?w=624\" alt=\"\" class=\"wp-image-788\" srcset=\"https:\/\/education-bien-commun.fr\/wp-content\/uploads\/2020\/06\/cartes-climatiques-ccca7coles-du-monde-entier_wavetrophy-3.jpg 624w, https:\/\/education-bien-commun.fr\/wp-content\/uploads\/2020\/06\/cartes-climatiques-ccca7coles-du-monde-entier_wavetrophy-3-300x169.jpg 300w\" sizes=\"auto, (max-width: 624px) 100vw, 624px\" \/><\/figure>\n\n\n\n<p class=\"wp-block-paragraph\">Publi\u00e9 dans \u00ab\u00a0Bien commun\u00a0\u00bb<\/p>\n\n\n\n<p class=\"wp-block-paragraph\"><strong>Nos enfants et nos petits-enfants vont devoir vivre dans le monde du r\u00e9chauffement climatique\u2026 et \u00eatre en capacit\u00e9 d\u2019y faire face<\/strong><\/p>\n\n\n\n<p class=\"wp-block-paragraph\">\u00ab&nbsp;(\u2026) Cette<strong> pr\u00e9occupation<\/strong> devrait tarauder l\u2019esprit de tous les parents, de tous les \u00e9ducateurs, de tous les citoyens(\u2026). il est possible d\u2019affirmer que <strong>la soci\u00e9t\u00e9 va avoir<\/strong> <strong>besoin du<\/strong> <strong>potentiel d\u2019intelligence, de cr\u00e9ativit\u00e9 de TOUS les individus<\/strong> et non plus d\u2019une hi\u00e9rarchie sociale avec des \u00ab&nbsp;<em>premiers de cord\u00e9e<\/em>&nbsp;\u00bb, des \u00ab&nbsp;<em>collaborateurs<\/em>&nbsp;\u00bb capables de les seconder et des gens qui \u00ab&nbsp;<em>ne sont rien&nbsp;<\/em>\u00bb.&nbsp;\u00bb<\/p>\n\n\n\n<p class=\"wp-block-paragraph\"><\/p>\n\n\n\n<div class=\"wp-block-group is-layout-flow wp-block-group-is-layout-flow\"><div class=\"wp-block-group__inner-container\"><\/div><\/div>\n\n\n\n<h3 class=\"has-text-align-center wp-block-heading\"><strong>L&rsquo;Education est un Bien commun ind\u00e9pendant du syst\u00e8me politique et du syst\u00e8me marchand<\/strong><\/h3>\n\n\n\n<p class=\"wp-block-paragraph\">\u00ab\u00a0Cet objectif majeur est impensable dans un syst\u00e8me \u00e9ducatif charg\u00e9 du formatage des individus au service de la reproduction de l\u2019ordre social ou de la construction d\u2019un ordre nouveau (souvenons-nous d\u2019homo sovieticus). Il faut en cons\u00e9quence que<strong> l&rsquo;\u00e9ducation soit consid\u00e9r\u00e9e, ainsi que la sant\u00e9,<\/strong> comme <strong>un bien commun<\/strong> qui doit rester <strong>ind\u00e9pendant du syst\u00e8me politique et du syst\u00e8me marchand<\/strong>, comme doit l\u2019\u00eatre la gestion de l&rsquo;eau, de l&rsquo;air, de la terre&#8230;\u00bb<strong> <a href=\"https:\/\/massot.com\/collections\/resistons-ensemble-pour-que-renaissent-des-jours-heureux\/).\">(Extraits d\u2019un texte collectif publi\u00e9 dans le livre num\u00e9rique gratuit t\u00e9l\u00e9chargeable)<\/a><\/strong><\/p>\n\n\n\n<p class=\"wp-block-paragraph\"> <span class=\"has-inline-color has-vivid-purple-color\"><strong>CE CHANGEMENT COMPLET DU PARADIGME EDUCATIF <\/strong><\/span>DOIT FAIRE L\u2019OBJET D\u2019UNE REFLEXION COLLECTIVE . <\/p>\n\n\n\n<p class=\"wp-block-paragraph\">Les articles qui vont habiter cette page en sont les premiers \u00e9l\u00e9ments.<\/p>\n\n\n\n<p class=\"wp-block-paragraph\"><\/p>\n\n\n\n<h3 class=\"has-text-align-center wp-block-heading\">Ivan Illitch &#8211; Notre-Dame des Landes&#8230;<\/h3>\n\n\n\n<p class=\"wp-block-paragraph\">De nombreux p\u00e9dagogues, pour la plupart r\u00eavant d\u2019une soci\u00e9t\u00e9 se d\u00e9gageant des rapports dominants\/domin\u00e9s, ont plant\u00e9 <strong>des jalons<\/strong>, sans penser qu\u2019une autre soci\u00e9t\u00e9, impr\u00e9vue, allait en avoir besoin. Les ZAD en sont une des facettes pr\u00e9visibles. Dans celle de <strong>Notre-Dame des Landes<\/strong> l\u2019utopie r\u00e9aliste d\u2019Ivan Illich -une \u00ab&nbsp;<strong>soci\u00e9t\u00e9 sans \u00e9cole<\/strong>&nbsp;\u00bb- serait aujourd\u2019hui imaginable pour les enfants de 3 \u00e0 12 ans. Une <strong>soci\u00e9t\u00e9 \u00e9ducatrice<\/strong> tr\u00e8s riche par la palette de m\u00e9tiers, d\u2019activit\u00e9s artisanales, agricoles, scientifiques, de cr\u00e9ations artistiques, de luttes, de d\u00e9bats, de f\u00eates, par l\u2019exercice du respect des \u00e9quilibres \u00e9cologiques dans la nature environnante. L\u2019\u00e9tat d\u2019esprit des adultes y serait disponible pour informer des enfants in\u00e9vitablement curieux, pour les initier, les faire \u00e0 participer \u00e0 leurs travaux. Les adultes ayant la fibre&nbsp;p\u00e9dagogique pourraient organiser syst\u00e9matiquement des temps, au cours desquels les jeunes apprenants engrangeraient les savoirs acquis, les analyseraient, chercheraient \u00e0 les prolonger, utiliseraient \u00e0 cet effet internet, \u00e9criraient leurs id\u00e9es, relateraient leurs exp\u00e9riences, leurs contributions dans le journal, \u00e0 la radio.<\/p>\n\n\n\n<p class=\"wp-block-paragraph\">Extrait de la contribution de Raymond Millot au livre num\u00e9rique du <a href=\"https:\/\/www.youtube.com\/watch?v=Gh_RFwLAreA&amp;t=3s\"><strong>CNNR (Conseil National de la Nouvelle R\u00e9sistance)<\/strong><\/a><\/p>\n","protected":false},"excerpt":{"rendered":"<p>Publi\u00e9 dans \u00ab\u00a0Bien commun\u00a0\u00bb Nos enfants et nos petits-enfants vont devoir vivre dans le monde du r\u00e9chauffement climatique\u2026 et \u00eatre en capacit\u00e9 d\u2019y faire face \u00ab&nbsp;(\u2026) Cette pr\u00e9occupation devrait tarauder l\u2019esprit de tous les parents, de tous les \u00e9ducateurs, de tous les citoyens(\u2026). il est possible d\u2019affirmer que la soci\u00e9t\u00e9 va avoir besoin du potentiel&hellip; <a class=\"more-link\" href=\"https:\/\/education-bien-commun.fr\/?p=786\">Lire la suite <span class=\"screen-reader-text\">L&rsquo;\u00e9ducation est un Bien commun<\/span><\/a><\/p>\n","protected":false},"author":3,"featured_media":0,"comment_status":"open","ping_status":"open","sticky":false,"template":"","format":"standard","meta":{"_jetpack_newsletter_access":"","_jetpack_dont_email_post_to_subs":false,"_jetpack_newsletter_tier_id":0,"_jetpack_memberships_contains_paywalled_content":false,"_jetpack_feature_clip_id":0,"_jetpack_memberships_contains_paid_content":false,"footnotes":"","jetpack_post_was_ever_published":false},"categories":[7,8,9,37,83,93],"tags":[],"class_list":["post-786","post","type-post","status-publish","format-standard","hentry","category-autogestion","category-autonomie","category-bien-commun","category-ecole","category-pouvoir-politique","category-societe-educatrice"],"jetpack_sharing_enabled":true,"jetpack_featured_media_url":"","_links":{"self":[{"href":"https:\/\/education-bien-commun.fr\/index.php?rest_route=\/wp\/v2\/posts\/786","targetHints":{"allow":["GET"]}}],"collection":[{"href":"https:\/\/education-bien-commun.fr\/index.php?rest_route=\/wp\/v2\/posts"}],"about":[{"href":"https:\/\/education-bien-commun.fr\/index.php?rest_route=\/wp\/v2\/types\/post"}],"author":[{"embeddable":true,"href":"https:\/\/education-bien-commun.fr\/index.php?rest_route=\/wp\/v2\/users\/3"}],"replies":[{"embeddable":true,"href":"https:\/\/education-bien-commun.fr\/index.php?rest_route=%2Fwp%2Fv2%2Fcomments&post=786"}],"version-history":[{"count":0,"href":"https:\/\/education-bien-commun.fr\/index.php?rest_route=\/wp\/v2\/posts\/786\/revisions"}],"wp:attachment":[{"href":"https:\/\/education-bien-commun.fr\/index.php?rest_route=%2Fwp%2Fv2%2Fmedia&parent=786"}],"wp:term":[{"taxonomy":"category","embeddable":true,"href":"https:\/\/education-bien-commun.fr\/index.php?rest_route=%2Fwp%2Fv2%2Fcategories&post=786"},{"taxonomy":"post_tag","embeddable":true,"href":"https:\/\/education-bien-commun.fr\/index.php?rest_route=%2Fwp%2Fv2%2Ftags&post=786"}],"curies":[{"name":"wp","href":"https:\/\/api.w.org\/{rel}","templated":true}]}}