{"id":798,"date":"2020-06-03T15:34:49","date_gmt":"2020-06-03T13:34:49","guid":{"rendered":"http:\/\/educationbiencommun.fr\/?p=798"},"modified":"2020-06-03T15:34:49","modified_gmt":"2020-06-03T13:34:49","slug":"des-enfants-formes-a-lautonomie-ca-ne-fait-pas-toujours-laffaire-des-enseignants","status":"publish","type":"post","link":"https:\/\/education-bien-commun.fr\/?p=798","title":{"rendered":"Des enfants form\u00e9s \u00e0 l\u2019autonomie, \u00e7a ne fait pas toujours l\u2019affaire des enseignants"},"content":{"rendered":"\n<p class=\"wp-block-paragraph\">Publi\u00e9 dans \u00ab\u00a0El\u00e8ves\u00a0\u00bb<\/p>\n\n\n\n<p class=\"wp-block-paragraph\">Un mardi, en d\u00e9but d\u2019apr\u00e8s-midi, Annick, une enseignante, et quelques enfants de cycle 3 d\u00e9pouillent le courrier de l\u2019\u00e9cole. Ambiance un peu agit\u00e9e mais n\u00e9anmoins travailleuse&nbsp;:&nbsp;<em>\u00e7a, c\u2019est une pub, je jette&nbsp;? \u00c7a, \u00e7a vient de l\u2019inspection, Annick, c\u2019est toi qui t\u2019en occupes&nbsp;? \u00e7a, c\u2019est pour la classe de Fran\u00e7oise, je vais leur porter \u2026<\/em><\/p>\n\n\n\n<p class=\"wp-block-paragraph\">Linda est silencieuse, concentr\u00e9e sur la lecture d\u2019un courrier qui n\u2019a rien d\u2019attirant. Soudain, elle s\u2019anime. <em>Il y a un tournoi de water-polo&nbsp;! <\/em>Comme on fait en ce moment \u00e0 la piscine, il faut absolument qu\u2019on participe&nbsp;! Annick s\u2019empare de la feuille. En effet, une association sportive invite les \u00e9coliers de Grenoble \u00e0 participer \u00e0 un tournoi de Water-polo. Il y a un hic&nbsp;: le tournoi a lieu demain, mercredi, et le d\u00e9lai d\u2019inscription est largement d\u00e9pass\u00e9. La ma\u00eetresse tente de calmer les ardeurs de Linda, fait remarquer que nous sommes mardi apr\u00e8s-midi et que mercredi, c\u2019est demain matin. C\u2019est bien dommage, mais il est trop tard.<\/p>\n\n\n\n<p class=\"wp-block-paragraph\"><em>On veut y aller, il y a un num\u00e9ro de t\u00e9l\u00e9phone, on n\u2019a qu\u2019\u00e0 appeler&nbsp;! <\/em>Premier coup de t\u00e9l\u00e9phone. <em>Le responsable n\u2019est pas encore l\u00e0, rappelez \u00e0 l\u2019heure de la r\u00e9cr\u00e9ation<\/em>.<\/p>\n\n\n\n<p class=\"wp-block-paragraph\">A l\u2019heure dite, Linda et un copain grimpent au bureau pour t\u00e9l\u00e9phoner. L\u2019organisateur du tournoi est pr\u00eat \u00e0 les accueillir quitte \u00e0 refaire son organigramme pour eux. Annick commence \u00e0 faire le deuil de son mercredi matin.<\/p>\n\n\n\n<p class=\"wp-block-paragraph\">Tout n\u2019est pas gagn\u00e9 pour les enfants, tout n\u2019est pas perdu pour Annick&nbsp;: il faut encore r\u00e9unir un nombre d\u2019enfants suffisant pour constituer une \u00e9quipe, trouver sur un plan l\u2019emplacement de la piscine et le moyen de s\u2019y rendre, r\u00e9diger des autorisations pour les parents.<\/p>\n\n\n\n<p class=\"wp-block-paragraph\">A l\u2019heure de la sortie, tout est pr\u00eat et rendez-vous est pris pour le lendemain matin.<\/p>\n\n\n\n<p class=\"wp-block-paragraph\">\u00e0 l\u2019heure dite, une fois n\u2019est pas coutume, l\u2019\u00e9quipe est l\u00e0, au grand complet. Chacun a son autorisation sign\u00e9e, ses 2 tickets de car, ses affaires de piscine.<\/p>\n\n\n\n<figure class=\"wp-block-image size-large\"><img loading=\"lazy\" decoding=\"async\" width=\"935\" height=\"850\" src=\"https:\/\/education-bien-commun.fr\/wp-content\/uploads\/2020\/06\/waterpolo.png?w=935\" alt=\"\" class=\"wp-image-845\" srcset=\"https:\/\/education-bien-commun.fr\/wp-content\/uploads\/2020\/06\/waterpolo.png 935w, https:\/\/education-bien-commun.fr\/wp-content\/uploads\/2020\/06\/waterpolo-300x273.png 300w, https:\/\/education-bien-commun.fr\/wp-content\/uploads\/2020\/06\/waterpolo-768x698.png 768w\" sizes=\"auto, (max-width: 935px) 100vw, 935px\" \/><\/figure>\n\n\n\n<p class=\"has-text-align-center wp-block-paragraph\">Et pour couronner le tout, c\u2019est l\u2019\u00e9quipe qui remporte le tournoi&nbsp;!<\/p>\n\n\n\n<p class=\"has-text-align-right wp-block-paragraph\">Emmanu\u00e8le Buffin<\/p>\n\n\n\n<p class=\"has-text-align-right wp-block-paragraph\">AFL (Association Fran\u00e7aise pour la Lecture) Ecole de la Villeneuve de Grenoble<\/p>\n","protected":false},"excerpt":{"rendered":"<p>Publi\u00e9 dans \u00ab\u00a0El\u00e8ves\u00a0\u00bb Un mardi, en d\u00e9but d\u2019apr\u00e8s-midi, Annick, une enseignante, et quelques enfants de cycle 3 d\u00e9pouillent le courrier de l\u2019\u00e9cole. Ambiance un peu agit\u00e9e mais n\u00e9anmoins travailleuse&nbsp;:&nbsp;\u00e7a, c\u2019est une pub, je jette&nbsp;? \u00c7a, \u00e7a vient de l\u2019inspection, Annick, c\u2019est toi qui t\u2019en occupes&nbsp;? \u00e7a, c\u2019est pour la classe de Fran\u00e7oise, je vais leur&hellip; <a class=\"more-link\" href=\"https:\/\/education-bien-commun.fr\/?p=798\">Lire la suite <span class=\"screen-reader-text\">Des enfants form\u00e9s \u00e0 l\u2019autonomie, \u00e7a ne fait pas toujours l\u2019affaire des enseignants<\/span><\/a><\/p>\n","protected":false},"author":3,"featured_media":0,"comment_status":"open","ping_status":"open","sticky":false,"template":"","format":"standard","meta":{"_jetpack_newsletter_access":"","_jetpack_dont_email_post_to_subs":false,"_jetpack_newsletter_tier_id":0,"_jetpack_memberships_contains_paywalled_content":false,"_jetpack_feature_clip_id":0,"_jetpack_memberships_contains_paid_content":false,"footnotes":"","jetpack_post_was_ever_published":false},"categories":[5,8,22,44,51,85,92,93,94],"tags":[],"class_list":["post-798","post","type-post","status-publish","format-standard","hentry","category-apprentissage","category-autonomie","category-construction-du-savoir","category-emancipation","category-entraide","category-promotion-collective","category-savoirs","category-societe-educatrice","category-solidarite"],"jetpack_sharing_enabled":true,"jetpack_featured_media_url":"","_links":{"self":[{"href":"https:\/\/education-bien-commun.fr\/index.php?rest_route=\/wp\/v2\/posts\/798","targetHints":{"allow":["GET"]}}],"collection":[{"href":"https:\/\/education-bien-commun.fr\/index.php?rest_route=\/wp\/v2\/posts"}],"about":[{"href":"https:\/\/education-bien-commun.fr\/index.php?rest_route=\/wp\/v2\/types\/post"}],"author":[{"embeddable":true,"href":"https:\/\/education-bien-commun.fr\/index.php?rest_route=\/wp\/v2\/users\/3"}],"replies":[{"embeddable":true,"href":"https:\/\/education-bien-commun.fr\/index.php?rest_route=%2Fwp%2Fv2%2Fcomments&post=798"}],"version-history":[{"count":0,"href":"https:\/\/education-bien-commun.fr\/index.php?rest_route=\/wp\/v2\/posts\/798\/revisions"}],"wp:attachment":[{"href":"https:\/\/education-bien-commun.fr\/index.php?rest_route=%2Fwp%2Fv2%2Fmedia&parent=798"}],"wp:term":[{"taxonomy":"category","embeddable":true,"href":"https:\/\/education-bien-commun.fr\/index.php?rest_route=%2Fwp%2Fv2%2Fcategories&post=798"},{"taxonomy":"post_tag","embeddable":true,"href":"https:\/\/education-bien-commun.fr\/index.php?rest_route=%2Fwp%2Fv2%2Ftags&post=798"}],"curies":[{"name":"wp","href":"https:\/\/api.w.org\/{rel}","templated":true}]}}