{"id":841,"date":"2020-06-05T10:58:37","date_gmt":"2020-06-05T08:58:37","guid":{"rendered":"http:\/\/educationbiencommun.fr\/?p=841"},"modified":"2020-06-05T10:58:37","modified_gmt":"2020-06-05T08:58:37","slug":"en-classe-comment-mettre-en-place-le-deconfinement","status":"publish","type":"post","link":"https:\/\/education-bien-commun.fr\/?p=841","title":{"rendered":"En classe, comment mettre en place le d\u00e9confinement ?"},"content":{"rendered":"\n<p class=\"wp-block-paragraph\">Publi\u00e9 dans \u00ab\u00a0El\u00e8ves\u00a0\u00bb<\/p>\n\n\n\n<p class=\"wp-block-paragraph\">Comment \u00e9viter que, selon la formule de Philippe Meirieu, \u00ab\u00a0l&rsquo;\u00e9cole d&rsquo;apr\u00e8s\u00a0\u00bb ne reprenne, avec la \u00ab\u00a0p\u00e9dagogie d&rsquo;avant\u00a0\u00bb ? A quelques jours de cette rentr\u00e9e, il importe de poser la question et surtout de faire des propositions de r\u00e9ponses.<br>C&rsquo;est le projet de ce billet qui invite les coll\u00e8gues de l&rsquo;\u00e9l\u00e9mentaire comme du coll\u00e8ge, \u00e0 exp\u00e9rimenter des propositions, \u00e0 en proposer d&rsquo;autres et partager ici leurs remarques, afin d&rsquo;ouvrir une porte vers une \u00ab\u00a0refondation\u00a0\u00bb, que nous avons largement manqu\u00e9e nagu\u00e8re, et qu&rsquo;on peut peut-\u00eatre rattraper aujourd&rsquo;hui&#8230;<br><\/p>\n\n\n\n<h4 class=\"has-text-align-center wp-block-heading\"><strong><span class=\"has-inline-color has-vivid-purple-color\">Faut-il commencer par faire un diagnostic ?<\/span><\/strong><\/h4>\n\n\n\n<p class=\"wp-block-paragraph\">Un diagnostic, \u00e0 l&rsquo;\u00e9cole, c&rsquo;est dangereux !<br>M\u00eame nuanc\u00e9 et red\u00e9fini comme l&rsquo;a fait notre ami Astro, il le reste : bien au-del\u00e0 d&rsquo;un probl\u00e8me d&rsquo;interpr\u00e9tation, est pos\u00e9e ici la question du<strong> pouvoir des mots sur la pens\u00e9e<\/strong> : les mots font image et agissent sur nous, plus que les images elles- m\u00eames. Ils jouent un r\u00f4le essentiel dans nos choix d&rsquo;action.<\/p>\n\n\n\n<p class=\"wp-block-paragraph\">Or, notre bien aim\u00e9 ministre de l&rsquo;\u00c9ducation Nationale a affirm\u00e9 (et r\u00e9p\u00e9t\u00e9 \u00e0 diverses reprises) : \u00ab\u00a0Il faut un diagnostic juste si l&rsquo;on veut des rem\u00e8des appropri\u00e9s.\u00a0\u00bb<br>On peut difficilement faire plus logique et rigoureux comme raisonnement. On peut aussi difficilement faire plus <strong>\u00ab\u00a0m\u00e9dical\u00a0\u00bb<\/strong>que cet aphorisme, au vocabulaire sans ambigu\u00eft\u00e9 :\u00a0<em><strong>diagnostic<\/strong><\/em>\u00a0appelle naturellement\u00a0<em><strong>rem\u00e8des<\/strong>.<\/em>\u00a0Et ces deux mots entra\u00eenent irr\u00e9m\u00e9diablement l&rsquo;arsenal de sous-entendus qui les accompagne : tel un virus, <strong>l&rsquo;\u00e9chec serait DANS l&rsquo;enfant,<\/strong> comme une affaire personnelle, qui ne concernerait que lui.<br>Il faudrait donc l&rsquo;en d\u00e9barrasser, et, pour cela, on l&rsquo;envoie dans un lieu de soins, et on le \u00ab\u00a0r\u00e9\u00e9duque\u00a0\u00bb.<\/p>\n\n\n\n<p class=\"wp-block-paragraph\">Il n&rsquo;est pas n\u00e9cessaire d&rsquo;avoir une agr\u00e9gation de psycho, pour deviner les cons\u00e9quences qui vont s&rsquo;abattre sur l&rsquo;enfant, d\u00e9valoris\u00e9 \u00e0 ses propres yeux, avec les cons\u00e9quences sur sa motivation \u00e0 apprendre, sans oublier le c\u00e9l\u00e8bre <strong>\u00ab\u00a0Effet Pygmalion\u00a0\u00bb<\/strong> sur les enseignants, qui se font alors une id\u00e9e d\u00e9finitive de l&rsquo;\u00e9l\u00e8ve&#8230; Comme premier regard sur l&rsquo;enfant, on mesure ce que cela peut avoir de catastrophique, pour le reste de l&rsquo;ann\u00e9e.<br>Or, l&rsquo;\u00e9chec, comme la r\u00e9ussite, n&rsquo;ont rien \u00e0 voir avec des qualit\u00e9s ou des d\u00e9fauts personnels : la r\u00e9ussite de l&rsquo;un est le r\u00e9sultat d&rsquo;une chance, celle d&rsquo;\u00eatre n\u00e9 l\u00e0 o\u00f9 il fallait, pour \u00eatre bien inform\u00e9 des r\u00e8gles du jeu scolaire ; l&rsquo;\u00e9chec de l&rsquo;autre ne doit rien \u00e0 des malformations personnelles, mais au fait que sa naissance n&rsquo;ayant pas pu l&rsquo;informer des r\u00e8gles du jeu scolaire, il n&rsquo;a pu utiliser, dans ce qu&rsquo;on lui a demand\u00e9, aucun des savoirs acquis dans sa vie personnelle.<br>Un \u00ab\u00a0diagnostic juste\u00a0\u00bb n&rsquo;appara\u00eet-il pas alors n\u00e9cessaire ?<br>Non ! En mati\u00e8re de savoirs, aucun diagnostic ne sera jamais \u00ab\u00a0juste\u00a0\u00bb : il est impossible de savoir exactement ce que les autres savent, ou ne savent pas. Seul, chacun sait ce qu&rsquo;il sait \u2014 et encore, pas toujours.<br>En revanche, ce qui ressortira, largement erron\u00e9, des tests et du diagnostic, sera tout de m\u00eame pris pour argent comptant, avec tous les dommages psychologiques y aff\u00e9rents.<\/p>\n\n\n\n<p class=\"wp-block-paragraph\">Ce qui doit \u00eatre juste, c&rsquo;est <strong>le regard sur l&rsquo;enfant,<\/strong> \u00e0 condition qu&rsquo;il ne soit surtout pas \u00ab\u00a0scientifique\u00a0\u00bb (l&rsquo;\u00eatre humain r\u00e9pugne \u00e0 \u00eatre trait\u00e9 ainsi), mais\u00a0<em><strong>empathique<\/strong><\/em>\u00a0et\u00a0<em><strong>humain<\/strong><\/em>.<\/p>\n\n\n\n<h4 class=\"has-text-align-center wp-block-heading\"><strong><span class=\"has-inline-color has-vivid-purple-color\">Comment faire ? Voici des directions, et quelques propositions, \u00e0 exp\u00e9rimenter, critiquer, am\u00e9liorer.<\/span><\/strong><\/h4>\n\n\n\n<p class=\"wp-block-paragraph\"><strong>1- Les objectifs :<\/strong><br>\u00c9viter \u00e0 tout prix que la personnalisation \u00e0 outrance, d\u00e9finie par le pouvoir, dont on sait qu&rsquo;elle entra\u00eene et aggrave les discriminations sociales entre enfants, ne soit, avec la situation sanitaire, la seule solution. <strong>C&rsquo;est \u00e0 plusieurs qu&rsquo;on apprend \u00e0 travailler tout seul<\/strong> : il faut donc trouver des moyens de contourner quand m\u00eame cet isolement de chaque enfant, tout en maintenant la n\u00e9cessaire distanciation spatiale (ou \u00ab\u00a0physique\u00a0\u00bb, si l&rsquo;on pr\u00e9f\u00e8re&#8230; mais pas \u00ab\u00a0sociale\u00a0\u00bb qui a un tout autre sens !)<\/p>\n\n\n\n<p class=\"wp-block-paragraph\"><strong>2- R\u00e9sister \u00e0 deux tentations pour d\u00e9marrer sur des bases saines :<\/strong><\/p>\n\n\n\n<p class=\"wp-block-paragraph\">* <strong>Vouloir rattraper le retard<\/strong> : en mati\u00e8re d&rsquo;apprentissage, il n&rsquo;y a jamais de \u00ab\u00a0retard\u00a0\u00bb. On ne repart pas l\u00e0 o\u00f9 l&rsquo;on s&rsquo;\u00e9tait arr\u00eat\u00e9 : quoi qu&rsquo;il se soit pass\u00e9 durant la p\u00e9riode pr\u00e9c\u00e9dente, il y a eu des apprentissages, conscients ou non, c&rsquo;est une \u00e9vidence. L&rsquo;important, c&rsquo;est de savoir lesquels. Et comme on ne peut repartir que sur les savoirs des enfants, il faut commencer par les conna\u00eetre.<\/p>\n\n\n\n<p class=\"wp-block-paragraph\">* <strong>Faire du travail d&rsquo;apprentissage tout de suite<\/strong> : il faut d&rsquo;abord renouer les liens et retrouver le groupe, m\u00eame si les distances impos\u00e9es emp\u00eachent le travail de groupe \u2014 sans oublier que seule, la moiti\u00e9 du groupe-classe est l\u00e0.<br>C&rsquo;est pourquoi, il va falloir inventer une autre forme de solidarit\u00e9 d&rsquo;apprentissage.<\/p>\n\n\n\n<p class=\"wp-block-paragraph\">3- Des directions possibles :<\/p>\n\n\n\n<p class=\"wp-block-paragraph\">* <strong>Tenter de cr\u00e9er d&#8217;embl\u00e9e un dialogue entre enfan<\/strong>ts, \u00e0 la fois entre eux et avec l&rsquo;enseignant, en commen\u00e7ant, le jour de la rentr\u00e9e, par donner la parole \u00e0 chacun des enfants sur ce qu&rsquo;il a v\u00e9cu, mais de fa\u00e7on \u00e0 ce qu&rsquo;il s&rsquo;adresse autant \u00e0 ses camarades qu&rsquo;\u00e0 l&rsquo;enseignant, et en faisant en sorte que chacun des autres aie la parole pour r\u00e9agir \u00e0 ce qui vient d&rsquo;\u00eatre dit et raconter en m\u00eame temps sa propre histoire.<\/p>\n\n\n\n<p class=\"wp-block-paragraph\">* <strong>Consid\u00e9rer toujours \u2014 et le leur dire \u2014 les quinze ou dix \u00e9l\u00e8ves pr\u00e9sents, comme seulement la moiti\u00e9 d&rsquo;un groupe, celui de la classe<\/strong>, tous unis vers un m\u00eame but : que chacun d&rsquo;eux r\u00e9ussisse.<br>Comme le \u00ab\u00a0frontal\u00a0\u00bb est in\u00e9vitable, il semble souhaitable qu&rsquo;il le soit dans les deux sens : faire, de la classe un lieu d&rsquo;<strong>\u00e9changes verbaux<\/strong>, sur tous les sujets d&rsquo;apprentissage abord\u00e9s. Par exemple, pour chaque \u00ab\u00a0le\u00e7on\u00a0\u00bb, partir toujours d&rsquo;un r\u00e9capitulatif, expos\u00e9 librement, de ce que chacun sait sur la question, avant de se lancer dans les explications magistrales. Ce qui implique, pour l&rsquo;enseignant, non de pr\u00e9parer ce qu&rsquo;il va dire, mais d&rsquo;avoir explor\u00e9 le \u00ab\u00a0champ des possibles\u00a0\u00bb, de ce qui aura pu \u00eatre dit par les enfants, pour l&rsquo;adapter au mieux \u00e0 ce qu&rsquo;ils auront dit.<\/p>\n\n\n\n<p class=\"wp-block-paragraph\">* <strong>\u00c9viter toujours que les enfants ne se trouvent en situation d&rsquo;avoir \u00e0 \u00e9couter un discours<\/strong>, sans avoir eu \u00e0 en parler avant, pour poser des questions \u00e0 son sujet. Freinet rappelait souvent que ce sont aux enfants \u00e0 poser des questions et non au ma\u00eetre.<\/p>\n\n\n\n<p class=\"wp-block-paragraph\"><strong>* Pour \u00e9viter la coupure entre les deux moiti\u00e9s de la classe<\/strong>, je vois trois moyens (mais il y en a peut-\u00eatre d&rsquo;autres) :<\/p>\n\n\n\n<ul class=\"wp-block-list\"><li>Installer <strong>une correspondance<\/strong> entre les deux moiti\u00e9s de la classe, chacun des enfants se donnant un correspondant rest\u00e9 chez lui, \u00e0 qui, une fois dans la semaine, il enverra son r\u00e9cit personnel de ce qui s&rsquo;est pass\u00e9, r\u00e9cit qui constituera un excellent moment d&rsquo;\u00e9criture \u00ab\u00a0vraie\u00a0\u00bb. Ce r\u00e9cit pourrait porter tant\u00f4t sur des lectures travaill\u00e9es en classe, avec des \u00e9changes sur elles, tant\u00f4t sur des activit\u00e9s effectu\u00e9es en classe, en diverses disciplines, et qui seraient ainsi propos\u00e9es \u00e0 ceux de la maison. Ainsi, contrairement \u00e0 ce que propose le Ministre, qui, avec un sens p\u00e9dagogique comparable au mien en th\u00e9ologie, pr\u00e9tend que le ma\u00eetre n&rsquo;aurait qu&rsquo;\u00e0 envoyer aux \u00e9l\u00e8ves de la maison le m\u00eame travail que celui fait en classe \u2014 conception m\u00e9canique du travail, \u00e0 la fois scandaleuse, inefficace et inhumaine \u2014 je pense que cela pourrait venir des \u00e9l\u00e8ves.<\/li><li>Pour le jour de la rentr\u00e9e, le ma\u00eetre pourrait demander aux \u00e9l\u00e8ves chez eux, de <strong>r\u00e9diger <\/strong>\u2014 ou d<strong>&lsquo;enregistrer<\/strong>, pour les plus petits \u2014 avec l&rsquo;aide de leurs parents, une sorte de bilan de ce qu&rsquo;ils ont fait jusque l\u00e0, avec les questions sur ce qui n&rsquo;est pas clair, ni bien compris, sur lequel les enfants en classe pourraient r\u00e9fl\u00e9chir et r\u00e9agir, par \u00e9crit ou par enregistrements.<\/li><li>Chaque enfant pourrait aussi avoir \u00e0 <strong>\u00e9crire son \u00ab\u00a0journal d&rsquo;\u00e9cole d\u00e9confin\u00e9e\u00a0\u00bb<\/strong>, r\u00e9dig\u00e9 librement, sous la surveillance juste orthographique, de l&rsquo;enseignant afin que \u00ab\u00a0l&rsquo;\u0153il orthographique\u00a0\u00bb des \u00e9l\u00e8ves ne soit pas fauss\u00e9.<\/li><\/ul>\n\n\n\n<p class=\"wp-block-paragraph\">Rien de tout cela ne sera facile : ce sera souvent mal accept\u00e9 des IEN, d&rsquo;o\u00f9 la n\u00e9cessit\u00e9 de travailler ensemble avec des coll\u00e8gues de l&rsquo;\u00e9tablissement, et de rester en relation avec les mouvements p\u00e9dagogiques, et les syndicats.<br>Une chose est s\u00fbre : <strong>la personnalisation et l&rsquo;enfermement des enfants serait une catastrophe.<\/strong><\/p>\n\n\n\n<p class=\"wp-block-paragraph\">Alors, pour terminer sur une note d&rsquo;<strong>espoir<\/strong>, voici un morceau de roi, qui trouve ici une certaine dose d&rsquo;actualit\u00e9 : le beau final de l&rsquo;Electre de Giraudoux, o\u00f9 r\u00e9sonne encore la voix incomparable de Louis Jouvet :<\/p>\n\n\n\n<blockquote class=\"wp-block-quote is-layout-flow wp-block-quote-is-layout-flow\"><p><em>Femme Nars\u00e8s : Comment cela s&rsquo;appelle-t-il, quand le jour se l\u00e8ve, comme aujourd&rsquo;hui, et que tout est g\u00e2ch\u00e9, que tout est saccag\u00e9, et que l&rsquo;air pourtant se respire et qu&rsquo;on a tout perdu, que la ville br\u00fble, que les innocents s&rsquo;entretuent, mais que les coupables agonisent dans un coin du jour qui se l\u00e8ve ?<\/em><\/p><p><em>Le Mendiant : Cela a un tr\u00e8s beau nom, femme Nars\u00e8s. Cela s&rsquo;appelle l&rsquo;aurore.<\/em><\/p><\/blockquote>\n\n\n\n<p class=\"wp-block-paragraph\"><br><\/p>\n\n\n\n<p class=\"has-text-align-right wp-block-paragraph\">Eveline Charmeux<\/p>\n\n\n\n<p class=\"has-text-align-right wp-block-paragraph\">avec son autorisation de publier cet article de son blog <strong><a href=\"http:\/\/www.charmeux.fr\/blog\/index.php?2020\/05\/02\/425-comment-repartir-le-onze-mai\">\u00ab\u00a0Le blog de l&rsquo;amie scolaire : questions de profs.\u00a0\u00bb<\/a><\/strong><\/p>\n","protected":false},"excerpt":{"rendered":"<p>Publi\u00e9 dans \u00ab\u00a0El\u00e8ves\u00a0\u00bb Comment \u00e9viter que, selon la formule de Philippe Meirieu, \u00ab\u00a0l&rsquo;\u00e9cole d&rsquo;apr\u00e8s\u00a0\u00bb ne reprenne, avec la \u00ab\u00a0p\u00e9dagogie d&rsquo;avant\u00a0\u00bb ? A quelques jours de cette rentr\u00e9e, il importe de poser la question et surtout de faire des propositions de r\u00e9ponses.C&rsquo;est le projet de ce billet qui invite les coll\u00e8gues de l&rsquo;\u00e9l\u00e9mentaire comme du coll\u00e8ge,&hellip; <a class=\"more-link\" href=\"https:\/\/education-bien-commun.fr\/?p=841\">Lire la suite <span class=\"screen-reader-text\">En classe, comment mettre en place le d\u00e9confinement ?<\/span><\/a><\/p>\n","protected":false},"author":3,"featured_media":0,"comment_status":"open","ping_status":"open","sticky":false,"template":"","format":"standard","meta":{"_jetpack_newsletter_access":"","_jetpack_dont_email_post_to_subs":false,"_jetpack_newsletter_tier_id":0,"_jetpack_memberships_contains_paywalled_content":false,"_jetpack_feature_clip_id":0,"_jetpack_memberships_contains_paid_content":false,"footnotes":"","jetpack_post_was_ever_published":false},"categories":[5,19,22,28,37,43,45,46,47,75,85,89,94],"tags":[],"class_list":["post-841","post","type-post","status-publish","format-standard","hentry","category-apprentissage","category-complexite","category-construction-du-savoir","category-creativite","category-ecole","category-eleve","category-empathie","category-enfant","category-enseignement","category-pedagogie","category-promotion-collective","category-remediation","category-solidarite"],"jetpack_sharing_enabled":true,"jetpack_featured_media_url":"","_links":{"self":[{"href":"https:\/\/education-bien-commun.fr\/index.php?rest_route=\/wp\/v2\/posts\/841","targetHints":{"allow":["GET"]}}],"collection":[{"href":"https:\/\/education-bien-commun.fr\/index.php?rest_route=\/wp\/v2\/posts"}],"about":[{"href":"https:\/\/education-bien-commun.fr\/index.php?rest_route=\/wp\/v2\/types\/post"}],"author":[{"embeddable":true,"href":"https:\/\/education-bien-commun.fr\/index.php?rest_route=\/wp\/v2\/users\/3"}],"replies":[{"embeddable":true,"href":"https:\/\/education-bien-commun.fr\/index.php?rest_route=%2Fwp%2Fv2%2Fcomments&post=841"}],"version-history":[{"count":0,"href":"https:\/\/education-bien-commun.fr\/index.php?rest_route=\/wp\/v2\/posts\/841\/revisions"}],"wp:attachment":[{"href":"https:\/\/education-bien-commun.fr\/index.php?rest_route=%2Fwp%2Fv2%2Fmedia&parent=841"}],"wp:term":[{"taxonomy":"category","embeddable":true,"href":"https:\/\/education-bien-commun.fr\/index.php?rest_route=%2Fwp%2Fv2%2Fcategories&post=841"},{"taxonomy":"post_tag","embeddable":true,"href":"https:\/\/education-bien-commun.fr\/index.php?rest_route=%2Fwp%2Fv2%2Ftags&post=841"}],"curies":[{"name":"wp","href":"https:\/\/api.w.org\/{rel}","templated":true}]}}