{"id":8525,"date":"2023-11-19T18:35:55","date_gmt":"2023-11-19T17:35:55","guid":{"rendered":"https:\/\/educationbiencommun.fr\/?p=8525"},"modified":"2023-11-19T18:35:55","modified_gmt":"2023-11-19T17:35:55","slug":"un-ministre-sans-vergogne-et-sans-culture","status":"publish","type":"post","link":"https:\/\/education-bien-commun.fr\/?p=8525","title":{"rendered":"Un ministre sans vergogne&#8230; et sans culture&#8230;"},"content":{"rendered":"\n<p class=\"wp-block-paragraph\">Par Eveline Charmeux, professeur-formateur honoraire de fran\u00e7ais, ex-chercheur \u00e0 l\u2019INRP.&nbsp; Publi\u00e9 dans Syst\u00e8me \u00e9ducatif.<\/p>\n\n\n\n<h3 class=\"wp-block-heading has-text-align-center\"><mark style=\"background-color:rgba(0, 0, 0, 0)\" class=\"has-inline-color has-luminous-vivid-orange-color\">Les groupes de niveau acc\u00e9l\u00e8rent les in\u00e9galit\u00e9s \u00e0 l&rsquo;\u00e9cole<\/mark><\/h3>\n\n\n\n<p class=\"wp-block-paragraph\">Et pourtant, de la vergogne \u2014 et de la culture, p\u00e9dagogique \u2014 quand on est ministre de l&rsquo;Ecole, il lui en faudrait pour \u00e9viter le ridicule : affirmer comme si c&rsquo;\u00e9tait une d\u00e9couverte r\u00e9cente, ce qui a \u00e9t\u00e9 d\u00e9nonc\u00e9 comme une erreur, depuis plus de cinquante ans, ne saurait \u00eatre un atout, pour personne, mais cela fr\u00f4le la honte quand c&rsquo;est un ministre qui tient ce genre de discours. Tentons de lui offrir quelques miettes, de cette culture qui lui manque&#8230;<\/p>\n\n\n\n<p class=\"wp-block-paragraph\">Comme le rappelle <strong>Sylvain Connac<\/strong>, qui s&rsquo;appuie sur les travaux de <strong>la sociologue Marie Duru-Bellat<\/strong>, pour qui l&rsquo;organisation de groupes dits \u00ab\u00a0de niveau\u00a0\u00bb produit un effet d&rsquo;acc\u00e9l\u00e9ration des in\u00e9galit\u00e9s qui s\u00e9parent les \u00e9l\u00e8ves, et de confirmation de celles-ci, incompatible avec des objectifs d\u00e9mocratiques pour l&rsquo;\u00e9cole, la proposition du ministre est assez catastrophique.<br>On voit mal comment le fait de <strong>\u00ab\u00a0s\u00e9parer le bon grain de l&rsquo;ivraie\u00a0\u00bb, parmi les \u00e9l\u00e8ves,<\/strong> favoriserait une r\u00e9ussite \u00e9gale pour tous. M\u00eame si \u2014 ne soyons pas \u00ab\u00a0bisounours\u00a0\u00bb \u2014 cette pratique reste le v\u0153u secret (ou \u00e0 demi avou\u00e9 !) de plus d&rsquo;un enseignant, l&rsquo;objectif officiel reste bien de faire r\u00e9ussir tout le monde, et d&rsquo;apporter un \u00ab\u00a0plus\u00a0\u00bb \u00e0 chacun des \u00e9l\u00e8ves.<\/p>\n\n\n\n<p class=\"wp-block-paragraph\">Faut-il \u00eatre ignorant pour voir dans l&rsquo;installation de groupes de niveau une solution \u00e9vidente \u00e0 la r\u00e9ussite de tous les \u00e9l\u00e8ves, et avoir un raisonnement bancal, pour penser qu&rsquo;une organisation dont les faits prouvent qu&rsquo;elle accentue ouvertement les in\u00e9galit\u00e9s entre les \u00e9l\u00e8ves, pourrait permettre d&rsquo;atteindre cet objectif !<br>Comment expliquer un tel aveuglement, de la part d&rsquo;un ministre ?<\/p>\n\n\n\n<p class=\"wp-block-paragraph\">Il est vrai qu&rsquo;<strong>un ministre qui sort de l&rsquo;Ecole Alsacienne<\/strong>, ne peut avoir de l&rsquo;\u00e9cole primaire qu&rsquo;une vision sommaire, surtout quand tout ce qu&rsquo;il dit prouve une i<strong>gnorance compl\u00e8te de l&rsquo;histoire de l&rsquo;\u00e9cole primaire fran\u00e7aise<\/strong>.<br>Or, quand un nouveau PDG est nomm\u00e9 \u00e0 la t\u00eate d&rsquo;une entreprise, en g\u00e9n\u00e9ral, il commence par s&rsquo;int\u00e9resser \u00e0 son histoire. Ce n&rsquo;est pas l&rsquo;id\u00e9e de monsieur Attal, qui pr\u00e9f\u00e8re partir de z\u00e9ro et pr\u00e9tend avoir des ambitions pour l&rsquo;am\u00e9liorer. La question alors se pose imm\u00e9diatement : comment peut-on am\u00e9liorer une entreprise, si on ne conna\u00eet rien de son pass\u00e9 ?<\/p>\n\n\n\n<p class=\"wp-block-paragraph\">Quelqu&rsquo;un ne pourrait-il pas le pr\u00e9venir que la question des groupes de niveau a fait l&rsquo;objet de tout un travail collectif, \u00e0 une \u00e9poque o\u00f9 la recherche p\u00e9dagogique m\u00e9ritait vraiment cet adjectif, ainsi que celui de \u00ab\u00a0d\u00e9mocratique\u00a0\u00bb?<\/p>\n\n\n\n<h3 class=\"wp-block-heading has-text-align-center\"><mark style=\"background-color:rgba(0, 0, 0, 0)\" class=\"has-inline-color has-luminous-vivid-orange-color\">La recherche p\u00e9dagogique \u00ab\u00a0avant\u00a0\u00bb comme elle devrait se faire aujourd&rsquo;hui&#8230;<\/mark><\/h3>\n\n\n\n<p class=\"wp-block-paragraph\">Il est vrai que c&rsquo;\u00e9tait \u00ab\u00a0avant\u00a0\u00bb : la recherche ne se faisait pas en laboratoire, mais <strong>sur l&rsquo;ensemble des \u00e9coles primaires de France<\/strong>, qui avaient accept\u00e9 d&rsquo;y participer : <strong>plus de cent groupes scolaires y \u00e9taient engag\u00e9s<\/strong>. J&rsquo;ai particip\u00e9 \u00e0 des colloques sur la p\u00e9dagogie du fran\u00e7ais pr\u00e9sid\u00e9s par les plus importants chercheurs de l&rsquo;\u00e9poque, o\u00f9 \u00e9taient pr\u00e9sents, sur deux, voire trois semaines, plusieurs centaines de coll\u00e8gues.<br>Pr\u00e9cisons qu&rsquo;il y en avait autant pour les maths et les autres disciplines.<\/p>\n\n\n\n<p class=\"wp-block-paragraph\">C&rsquo;\u00e9tait surtout <strong>un travail collectif approfondi<\/strong> : on travaillait sur des hypoth\u00e8ses propos\u00e9es par des scientifiques : on organisait des s\u00e9ances destin\u00e9es \u00e0 mettre au point des exp\u00e9rimentations durant quelques semaines dans les classes concern\u00e9es, puis on se retrouvait pour discuter des premiers constats et rectifier le travail pour les semaines \u00e0 venir, avant de nouvelles rencontres.<br>Chaque directeur de recherche r\u00e9digeait des rapports, bases de travail pour les semaines suivantes. <strong>C&rsquo;\u00e9tait une organisation v\u00e9ritablement d\u00e9mocratique&#8230; C&rsquo;\u00e9taient les ann\u00e9es 70&#8230;<\/strong><\/p>\n\n\n\n<p class=\"wp-block-paragraph\">Les ministres de l&rsquo;\u00e9poque, qui nous ont soutenus ont \u00e9t\u00e9 successivement Olivier Guichard qui a vraiment aid\u00e9 le d\u00e9marrage de ces recherches, puis quatre ministres, dont Alain Savary, qui l&rsquo;a fortement aid\u00e9e. Les autres l&rsquo;ont plus ou moins tol\u00e9r\u00e9e, jusqu&rsquo;\u00e0 ce que Jean-Pierre Chev\u00e8nement annonce \u00ab\u00a0la fin de la r\u00e9cr\u00e9\u00a0\u00bb (la formule est de lui !!) : plus de \u00ab\u00a0recherche\u00a0\u00bb, mais du s\u00e9rieux, car, maintenant : on sait !!<\/p>\n\n\n\n<p class=\"wp-block-paragraph\">L&rsquo;\u00e2ge d&rsquo;or de la recherche en p\u00e9dagogie \u00e9tait termin\u00e9&#8230; Qui le relancera ?<br>Assur\u00e9ment, ce ne sera pas Gabriel Attal.<\/p>\n\n\n\n<p class=\"has-text-align-right wp-block-paragraph\">Eveline Charmeux, <\/p>\n\n\n\n<p class=\"has-text-align-right wp-block-paragraph\">professeur-formateur honoraire de fran\u00e7ais, ex-chercheur \u00e0 l\u2019INRP<\/p>\n\n\n\n<p class=\"has-text-align-right wp-block-paragraph\"><strong><a href=\"https:\/\/www.charmeux.fr\/blog\/index.php?2023\/11\/17\/549-un-ministre-sans-vergogne\">sur son blog <\/a><\/strong><\/p>\n\n\n\n<p class=\"has-text-align-center wp-block-paragraph\">***<\/p>\n\n\n\n<p class=\"wp-block-paragraph\">Lire aussi sur le blog l&rsquo;article d&rsquo;Eveline Charmeux <strong><a href=\"https:\/\/www.charmeux.fr\/blog\/index.php?2023\/10\/06\/545-l-ecole-elle-sert-a-quoi\">\u00ab\u00a0Tiens ! Re-voil\u00e0 les groupes de niveaux&#8230;\u00a0\u00bb<\/a><\/strong><\/p>\n\n\n\n<p class=\"wp-block-paragraph\">avec ce commentaire d&rsquo;Alain Miossec \u00a0\u00bb : A la suite de l&rsquo;interpellation d&rsquo;Eveline, celles et ceux qui auraient besoin de revisiter arguments et enjeux de la pratique des groupes de niveau, je conseille la lecture de l&rsquo;article Marie Duru-Bellat : <strong><a href=\"https:\/\/www.alternatives-economiques.fr\/marie-duru-bellat\/classes-de-niveau-college-unique\/00108351\">\u00ab\u00a0Classes de niveau ou coll\u00e8ge unique ?\u00a0\u00bb<\/a><\/strong> sur le site des alternatives \u00e9conomiques.<\/p>\n\n\n\n<p class=\"has-text-align-center wp-block-paragraph\">***<\/p>\n\n\n\n<p class=\"wp-block-paragraph\">Tweet sur les \u00e9valuations au coll\u00e8ge. Au vu des mauvais r\u00e9sultats en quatri\u00e8me cette rentr\u00e9e, le ministre Attal soutient que seule est bonne sa r\u00e9forme des groupes de niveaux qui va rassembler les bons \u00e9l\u00e8ves entre eux d&rsquo;un c\u00f4t\u00e9 et les mauvais de l&rsquo;autre. Non : les \u00e9l\u00e8ves doivent profiter de l&rsquo;h\u00e9t\u00e9rog\u00e9n\u00e9it\u00e9 du groupe-classe avec toute sa diversit\u00e9 pour une promotion collective efficace et de groupes de besoins de temps en temps, non fixes :<\/p>\n\n\n\n<p class=\"wp-block-paragraph\">\u00ab\u00a0Presse SE-Unsa<\/p>\n\n\n\n<p class=\"wp-block-paragraph\">Sur 4 h de maths, on pourrait avoir 1 h <a><\/a>consacr\u00e9e \u00e0 des groupes all\u00e9g\u00e9s : l&rsquo;un pour faire des fractions, l&rsquo;autre de la g\u00e9om\u00e9trie. Puis, au bout d&rsquo;un certain temps, on change les groupes en les cr\u00e9ant diff\u00e9remment, car des \u00e9l\u00e8ves tout le temps en difficult\u00e9, \u00e7a n&rsquo;existe pas\u00a0\u00bb.<\/p>\n\n\n\n<p class=\"wp-block-paragraph\"><a href=\"https:\/\/www.facebook.com\/photo\/?fbid=10223997998761846&amp;set=gm.6729093127189541&amp;idorvanity=1213483122083930&amp;__cft__[0]=AZWHAnsaNevmGYwli9RwDKYVD1Y2xT1wgYDq_5jRNQBNNwULNeP1K1bwHXE9G43AwuQoOWkj8w1zl9GX1gBeci4eprOhIVEVAUuXRzHcu9iEs3op2ZdmSf3p6lQ5-7iU2lNC1A2zegKn5MgaStLze0VDByVTlFjcEOehcZDqwO1Zyt4Q17CWUrc0BURhiHNWWCs&amp;__tn__=EH-R\"><\/a><\/p>\n\n\n\n<figure class=\"wp-block-image\"><a href=\"https:\/\/www.facebook.com\/photo\/?fbid=10223997998761846&amp;set=gm.6729093127189541&amp;idorvanity=1213483122083930&amp;__cft__[0]=AZWHAnsaNevmGYwli9RwDKYVD1Y2xT1wgYDq_5jRNQBNNwULNeP1K1bwHXE9G43AwuQoOWkj8w1zl9GX1gBeci4eprOhIVEVAUuXRzHcu9iEs3op2ZdmSf3p6lQ5-7iU2lNC1A2zegKn5MgaStLze0VDByVTlFjcEOehcZDqwO1Zyt4Q17CWUrc0BURhiHNWWCs&amp;__tn__=EH-R\"><img decoding=\"async\" src=\"https:\/\/scontent-cdg4-1.xx.fbcdn.net\/v\/t39.30808-6\/402327649_10223997998641843_8313018098800224174_n.jpg?_nc_cat=105&amp;ccb=1-7&amp;_nc_sid=5f2048&amp;_nc_ohc=D9CV8M7lYVgAX_uQ6C0&amp;_nc_ht=scontent-cdg4-1.xx&amp;oh=00_AfC5EhFT2U8UWeRX2EhW4iiyB3Hm_HFvgDwjujrBQxKlKw&amp;oe=655E5A8A\" alt=\"Peut \u00eatre une image de 12 personnes et texte qui dit \u2019PRESSE Presse SE-Unsa @PresseSEUnsa R\u00e9sultats des \u00e9valuations nationales de 6e et 4e. @jeromef212, @SEUnsa plut\u00f4t que des groupes de niveaux, il vaudrait mieux &quot;des groupes de besoins&quot;. @franceinfo Translate post francetvinfo.fr\u2019\" \/><\/a><\/figure>\n\n\n\n<figure class=\"wp-block-image\"><img decoding=\"async\" src=\"\/\" alt=\"\" \/><\/figure>\n\n\n\n<p class=\"wp-block-paragraph\"><\/p>\n","protected":false},"excerpt":{"rendered":"<p>Par Eveline Charmeux, professeur-formateur honoraire de fran\u00e7ais, ex-chercheur \u00e0 l\u2019INRP.&nbsp; Publi\u00e9 dans Syst\u00e8me \u00e9ducatif. Les groupes de niveau acc\u00e9l\u00e8rent les in\u00e9galit\u00e9s \u00e0 l&rsquo;\u00e9cole Et pourtant, de la vergogne \u2014 et de la culture, p\u00e9dagogique \u2014 quand on est ministre de l&rsquo;Ecole, il lui en faudrait pour \u00e9viter le ridicule : affirmer comme si c&rsquo;\u00e9tait une&hellip; <a class=\"more-link\" href=\"https:\/\/education-bien-commun.fr\/?p=8525\">Lire la suite <span class=\"screen-reader-text\">Un ministre sans vergogne&#8230; et sans culture&#8230;<\/span><\/a><\/p>\n","protected":false},"author":3,"featured_media":0,"comment_status":"open","ping_status":"open","sticky":true,"template":"","format":"standard","meta":{"_jetpack_newsletter_access":"","_jetpack_dont_email_post_to_subs":false,"_jetpack_newsletter_tier_id":0,"_jetpack_memberships_contains_paywalled_content":false,"_jetpack_feature_clip_id":0,"_jetpack_memberships_contains_paid_content":false,"footnotes":"","jetpack_post_was_ever_published":false},"categories":[5,29,33,47,65,75,81,96],"tags":[],"class_list":["post-8525","post","type-post","status-publish","format-standard","hentry","category-apprentissage","category-culture","category-democratie","category-enseignement","category-inegalites","category-pedagogie","category-politique-educative","category-systeme-educatif"],"jetpack_sharing_enabled":true,"jetpack_featured_media_url":"","_links":{"self":[{"href":"https:\/\/education-bien-commun.fr\/index.php?rest_route=\/wp\/v2\/posts\/8525","targetHints":{"allow":["GET"]}}],"collection":[{"href":"https:\/\/education-bien-commun.fr\/index.php?rest_route=\/wp\/v2\/posts"}],"about":[{"href":"https:\/\/education-bien-commun.fr\/index.php?rest_route=\/wp\/v2\/types\/post"}],"author":[{"embeddable":true,"href":"https:\/\/education-bien-commun.fr\/index.php?rest_route=\/wp\/v2\/users\/3"}],"replies":[{"embeddable":true,"href":"https:\/\/education-bien-commun.fr\/index.php?rest_route=%2Fwp%2Fv2%2Fcomments&post=8525"}],"version-history":[{"count":0,"href":"https:\/\/education-bien-commun.fr\/index.php?rest_route=\/wp\/v2\/posts\/8525\/revisions"}],"wp:attachment":[{"href":"https:\/\/education-bien-commun.fr\/index.php?rest_route=%2Fwp%2Fv2%2Fmedia&parent=8525"}],"wp:term":[{"taxonomy":"category","embeddable":true,"href":"https:\/\/education-bien-commun.fr\/index.php?rest_route=%2Fwp%2Fv2%2Fcategories&post=8525"},{"taxonomy":"post_tag","embeddable":true,"href":"https:\/\/education-bien-commun.fr\/index.php?rest_route=%2Fwp%2Fv2%2Ftags&post=8525"}],"curies":[{"name":"wp","href":"https:\/\/api.w.org\/{rel}","templated":true}]}}