{"id":8932,"date":"2024-02-19T10:54:23","date_gmt":"2024-02-19T09:54:23","guid":{"rendered":"https:\/\/educationbiencommun.fr\/?p=8932"},"modified":"2024-02-19T10:54:23","modified_gmt":"2024-02-19T09:54:23","slug":"reactions-de-collegiennes-contre-les-groupes-de-niveau","status":"publish","type":"post","link":"https:\/\/education-bien-commun.fr\/?p=8932","title":{"rendered":"R\u00e9actions de coll\u00e9gien\u2022ne\u2022s contre les groupes de niveau"},"content":{"rendered":"\n<p class=\"wp-block-paragraph\">Par Nadine Lanneau, prof documentaliste \u00e0 la retraite. Publi\u00e9 dans Enfants, \u00e9l\u00e8ves<\/p>\n\n\n\n<p class=\"wp-block-paragraph\"><\/p>\n\n\n\n<h3 class=\"wp-block-heading has-text-align-center\"><mark style=\"background-color:rgba(0, 0, 0, 0)\" class=\"has-inline-color has-luminous-vivid-orange-color\">Les larmes d&rsquo;une professeure de fran\u00e7ais<\/mark><\/h3>\n\n\n\n<h3 class=\"wp-block-heading\">Et les cris d&rsquo;horreur de ses \u00e9l\u00e8ves : <\/h3>\n\n\n\n<p class=\"wp-block-paragraph\">Tweet sur X anciennement \u00ab\u00a0tweeter\u00a0\u00bb ce matin, remarquable et \u00e0 partager : @Lunarobase<\/p>\n\n\n\n<p class=\"wp-block-paragraph\">\u00ab&nbsp;J\u2019arrive pas \u00e0 d\u00e9passer le fait qu<strong>\u2018on est en train de d\u00e9truire le coll\u00e8ge unique<\/strong>&nbsp;et que personne \u00e0 part les profs en a quelque chose \u00e0 foutre. Et pourtant dieu sait qu\u2019il est dysfonctionnel, ce coll\u00e8ge unique. Mais bordel.&nbsp;<strong>Le tri des enfants \u00e0 10 ans<\/strong>. Mes \u00e9l\u00e8ves m\u2019ont demand\u00e9 \u2013<\/p>\n\n\n\n<p class=\"wp-block-paragraph\">\u2013&nbsp;<a><\/a>pourquoi je faisais gr\u00e8ve. Du coup, au lieu de lancer l\u2019activit\u00e9 d\u2019\u00e9criture qui m\u2019aurait fait rattraper le retard que la 5e7 a sur la 5e1 et qui m\u2019emb\u00eate fortement, je leur ai parl\u00e9 des groupes de niveau. Ils \u00e9taient unanimement horrifi\u00e9s. Ils ont tout de suite eu conscience-<\/p>\n\n\n\n<p class=\"wp-block-paragraph\">\u2013 de la d\u00e9gueulasserie concoct\u00e9e par Gabriel Attal. J\u2019ai vu le regard de W., dys, tdah en cours de diag, un gamin que j\u2019aime beaucoup (eh oui) dans ma classe depuis deux ans. Tr\u00e8s intelligent et vif, passage \u00e0 l\u2019\u00e9crit tr\u00e8s difficile. Il m\u2019a rendu une super \u00e9val o\u00f9 les phrases avaient presque tous les mots, r\u00e9cemment. Un beau 14, la premi\u00e8re fois qu\u2019il a une aussi belle note en fran\u00e7ais. J\u2019\u00e9tais super fi\u00e8re de lui. Dans son regard et dans son cri d\u2019horreur quand j\u2019ai parl\u00e9 des groupes de niveau,&nbsp;<strong>j\u2019ai vu qu\u2019il s\u2019imaginait toute sa scolarit\u00e9 dans le groupe des nuls. \u00c7a m\u2019a bris\u00e9 le c\u0153ur.<\/strong>&nbsp;C\u2019est tellement violent. Je pleure en \u00e9crivant ces lignes. J\u2019ai vu plus de profs de fran\u00e7ais et maths pleurer cette semaine que dans les 4 derni\u00e8res ann\u00e9es. On d\u00e9truit notre m\u00e9tier avec le sourire et \u00ab&nbsp;l\u2019int\u00e9r\u00eat des \u00e9l\u00e8ves&nbsp;\u00bb en \u00e9tendard. \u2013<\/p>\n\n\n\n<p class=\"wp-block-paragraph\">Standardisation des manuels d\u00e8s le primaire, tri sur le niveau \u00e0 10 ans, pas de lyc\u00e9e g\u00e9n\u00e9ral sans brevet, brevet plus dur, r\u00e9duction des mati\u00e8res g\u00e9n\u00e9rales \u00e0 peau de chagrin en bac pro, uniformes, SNU. Nos \u00e9l\u00e8ves? Chair \u00e0 patron, chair \u00e0 canon. Rien d\u2019autre&nbsp;\u00bb.<\/p>\n\n\n\n<h3 class=\"wp-block-heading has-text-align-center\"><mark style=\"background-color:rgba(0, 0, 0, 0)\" class=\"has-inline-color has-luminous-vivid-orange-color\">R\u00e9agissons !<\/mark><\/h3>\n\n\n\n<p class=\"wp-block-paragraph\"><strong>A partager d\u2019urgence pour avertir les parents et autres partenaires de l\u2019\u00e9cole primaire, (maternelle et \u00e9l\u00e9mentaire), coll\u00e8ge, lyc\u00e9e. Pour une r\u00e9action imm\u00e9diate.<\/strong><\/p>\n\n\n\n<p class=\"wp-block-paragraph\">Une action est entreprise actuellement\u00a0<strong><a href=\"https:\/\/digipad.app\/p\/623073\/e9b15ab6ebcb2\">sur le site de la Riposte<\/a><\/strong>. Appel \u00e0 soutien et signatures de tous les personnels et usagers (parents, citoyens, etc.) de l\u2019\u00e9cole primaire (maternelle, \u00e9l\u00e9mentaire), du coll\u00e8ge, du lyc\u00e9e.<\/p>\n","protected":false},"excerpt":{"rendered":"<p>Par Nadine Lanneau, prof documentaliste \u00e0 la retraite. Publi\u00e9 dans Enfants, \u00e9l\u00e8ves Les larmes d&rsquo;une professeure de fran\u00e7ais Et les cris d&rsquo;horreur de ses \u00e9l\u00e8ves : Tweet sur X anciennement \u00ab\u00a0tweeter\u00a0\u00bb ce matin, remarquable et \u00e0 partager : @Lunarobase \u00ab&nbsp;J\u2019arrive pas \u00e0 d\u00e9passer le fait qu\u2018on est en train de d\u00e9truire le coll\u00e8ge unique&nbsp;et que&hellip; <a class=\"more-link\" href=\"https:\/\/education-bien-commun.fr\/?p=8932\">Lire la suite <span class=\"screen-reader-text\">R\u00e9actions de coll\u00e9gien\u2022ne\u2022s contre les groupes de niveau<\/span><\/a><\/p>\n","protected":false},"author":3,"featured_media":0,"comment_status":"open","ping_status":"open","sticky":true,"template":"","format":"standard","meta":{"_jetpack_newsletter_access":"","_jetpack_dont_email_post_to_subs":false,"_jetpack_newsletter_tier_id":0,"_jetpack_memberships_contains_paywalled_content":false,"_jetpack_feature_clip_id":0,"_jetpack_memberships_contains_paid_content":false,"footnotes":"","jetpack_post_was_ever_published":false},"categories":[30,33,41,44,47,57,58,65,75,81,85,96],"tags":[],"class_list":["post-8932","post","type-post","status-publish","format-standard","hentry","category-culture-commune","category-democratie","category-egalite","category-emancipation","category-enseignement","category-finalite-du-systeme-educatif","category-formater","category-inegalites","category-pedagogie","category-politique-educative","category-promotion-collective","category-systeme-educatif"],"jetpack_sharing_enabled":true,"jetpack_featured_media_url":"","_links":{"self":[{"href":"https:\/\/education-bien-commun.fr\/index.php?rest_route=\/wp\/v2\/posts\/8932","targetHints":{"allow":["GET"]}}],"collection":[{"href":"https:\/\/education-bien-commun.fr\/index.php?rest_route=\/wp\/v2\/posts"}],"about":[{"href":"https:\/\/education-bien-commun.fr\/index.php?rest_route=\/wp\/v2\/types\/post"}],"author":[{"embeddable":true,"href":"https:\/\/education-bien-commun.fr\/index.php?rest_route=\/wp\/v2\/users\/3"}],"replies":[{"embeddable":true,"href":"https:\/\/education-bien-commun.fr\/index.php?rest_route=%2Fwp%2Fv2%2Fcomments&post=8932"}],"version-history":[{"count":0,"href":"https:\/\/education-bien-commun.fr\/index.php?rest_route=\/wp\/v2\/posts\/8932\/revisions"}],"wp:attachment":[{"href":"https:\/\/education-bien-commun.fr\/index.php?rest_route=%2Fwp%2Fv2%2Fmedia&parent=8932"}],"wp:term":[{"taxonomy":"category","embeddable":true,"href":"https:\/\/education-bien-commun.fr\/index.php?rest_route=%2Fwp%2Fv2%2Fcategories&post=8932"},{"taxonomy":"post_tag","embeddable":true,"href":"https:\/\/education-bien-commun.fr\/index.php?rest_route=%2Fwp%2Fv2%2Ftags&post=8932"}],"curies":[{"name":"wp","href":"https:\/\/api.w.org\/{rel}","templated":true}]}}