{"id":9075,"date":"2024-03-05T04:01:08","date_gmt":"2024-03-05T03:01:08","guid":{"rendered":"https:\/\/educationbiencommun.fr\/?p=9075"},"modified":"2024-03-05T04:01:08","modified_gmt":"2024-03-05T03:01:08","slug":"lecole-primaire-a-un-point-de-bascule","status":"publish","type":"post","link":"https:\/\/education-bien-commun.fr\/?p=9075","title":{"rendered":"L\u2019\u00e9cole primaire \u00e0 un point de bascule"},"content":{"rendered":"\n<p class=\"wp-block-paragraph\">Par Rachel Schneider, professeure des \u00e9coles, militante \u00e0 la FSU-SNUipp (secteur \u00e9ducatif). Publi\u00e9 dans Syst\u00e8me \u00e9ducatif.<\/p>\n\n\n\n<p class=\"wp-block-paragraph\">Avec le \u00ab choc des savoirs \u00bb, la rentr\u00e9e 2024 est celle de tous les dangers pour le 1er degr\u00e9. Programmes r\u00e9\u00e9crits pour y mettre le \u00ab guide orange \u00bb, labellisation des manuels et g\u00e9n\u00e9ralisation du pilotage par les \u00e9valuations standardis\u00e9es\u2026 Un \u00ab mod\u00e8le d\u2019enseignement \u00bb est impos\u00e9 sans <strong>aucun d\u00e9bat public<\/strong> : vers le triomphe des savants fous\u00a0?<\/p>\n\n\n\n<h3 class=\"wp-block-heading has-text-align-center\"><mark style=\"background-color:rgba(0, 0, 0, 0)\" class=\"has-inline-color has-luminous-vivid-orange-color\">Sommaire<\/mark><\/h3>\n\n\n\n<ul class=\"wp-block-list\">\n<li>Introduction<\/li>\n\n\n\n<li><strong>Le \u00ab\u00a0choc des savoirs\u00a0\u00bb<\/strong><\/li>\n\n\n\n<li><strong>Le 1<sup>er<\/sup>\u00a0degr\u00e9 \u00e0 un point de bascule<\/strong>\n<ul class=\"wp-block-list\">\n<li><em>Programmes\u00a0: une inversion compl\u00e8te<\/em><\/li>\n\n\n\n<li><em>Manuels\u00a0: une labellisation, mais pas que<\/em><\/li>\n\n\n\n<li><em>Evaluations nationales\u00a0: la g\u00e9n\u00e9ralisation<\/em><\/li>\n<\/ul>\n<\/li>\n\n\n\n<li><strong>\u00ab\u00a0Prouv\u00e9 par LA science\u00a0\u00bb\u00a0?<\/strong><\/li>\n\n\n\n<li><strong>Conclusion\u2026 provisoire<\/strong><\/li>\n\n\n\n<li>Notes\u00a0<\/li>\n<\/ul>\n\n\n\n<h3 class=\"wp-block-heading has-text-align-center\"><mark style=\"background-color:rgba(0, 0, 0, 0)\" class=\"has-inline-color has-luminous-vivid-orange-color\">Introduction<\/mark><\/h3>\n\n\n\n<p class=\"wp-block-paragraph\"><em>Les programmes de maternelle et de cycle 2 doivent \u00eatre r\u00e9\u00e9crits de mani\u00e8re \u00e0 mettre <strong>le \u00ab\u00a0guide orange\u00a0\u00bb<\/strong> dans ces programmes. Le projet de d\u00e9cret sur<strong> la labellisation des manuels scolaires<\/strong> porte aussi sur les dimensions \u00ab\u00a0didactique et p\u00e9dagogique\u00a0\u00bb, la r\u00e9daction du r\u00e9f\u00e9rentiel \u00e9tant confi\u00e9e au <strong>Conseil sup\u00e9rieur de l\u2019Education<\/strong> <strong>nationale (CSEN) dirig\u00e9 par Stanislas Dehaene<\/strong>. Les <strong>\u00e9valuations nationales standardis\u00e9es<\/strong> se g\u00e9n\u00e9ralisent \u00e0 tous les niveaux de classes du CP \u00e0 la seconde, et le \u00ab\u00a0pilotage\u00a0\u00bb qui les accompagne se renforce dans le 1<sup>er<\/sup>\u00a0degr\u00e9.<\/em><\/p>\n\n\n\n<p class=\"wp-block-paragraph\"><em>Quel est <strong>le \u00ab\u00a0mod\u00e8le d\u2019enseignement\u00a0\u00bb<\/strong> qui s\u2019impose \u00e0 travers ces mesures\u00a0? Est-il \u00ab\u00a0prouv\u00e9 par la science\u00a0\u00bb, comme l\u2019affirme le CSEN et maintenant tous les ministres qui se succ\u00e8dent depuis JM Blanquer\u00a0?<\/em><\/p>\n\n\n\n<p class=\"wp-block-paragraph\"><em>La situation m\u00e9rite d\u2019\u00eatre \u00e9clair\u00e9e, au vu des menaces qu\u2019elle fait peser sur l\u2019enseignement dans le 1<sup>er<\/sup>\u00a0degr\u00e9 et sur le m\u00e9tier enseignant lui-m\u00eame. Et au bout du compte, sur <strong>des in\u00e9galit\u00e9s scolaires<\/strong> plus que jamais <strong>corr\u00e9l\u00e9es aux in\u00e9galit\u00e9s sociales.<\/strong><\/em><\/p>\n\n\n\n<h3 class=\"wp-block-heading has-text-align-center\"><strong><mark style=\"background-color:rgba(0, 0, 0, 0)\" class=\"has-inline-color has-luminous-vivid-orange-color\">Le \u00ab\u00a0choc des savoirs\u00a0\u00bb<\/mark><\/strong><\/h3>\n\n\n\n<h4 class=\"wp-block-heading\"><em>Jean-Michel Blanquer, ministre de l&rsquo;\u00e9ducation nationale<\/em>&#8230;<\/h4>\n\n\n\n<p class=\"wp-block-paragraph\">Les ministres se suivent et se ressemblent depuis 2017. <strong>Jean-Michel Blanquer<\/strong> avait saisi l\u2019occasion de la pr\u00e9sentation des r\u00e9sultats de <strong>PIRLS<\/strong><a href=\"https:\/\/blogs.mediapart.fr\/rachel-schneider\/blog\/140224\/l-ecole-primaire-un-point-de-bascule#_ftn1\">[1]<\/a>\u00a0en d\u00e9cembre 2017 pour annoncer un resserrement sur les <strong>\u00ab\u00a0fondamentaux\u00a0\u00bb<\/strong>, il avait m\u00eame d\u00e9clar\u00e9 que ce serait de la \u00ab\u00a0<em>non-assistance \u00e0 personne en danger<\/em>\u00a0\u00bb que de laisser un enseignant choisir la m\u00e9thode et le manuel qui lui conviennent<a href=\"https:\/\/blogs.mediapart.fr\/rachel-schneider\/blog\/140224\/l-ecole-primaire-un-point-de-bascule#_ftn2\">[2]<\/a>. Le ministre avait profit\u00e9 de cette conf\u00e9rence de presse pour annoncer la cr\u00e9ation du tout <strong>nouveau CSEN (conseil scientifique de l\u2019\u00e9ducation nationale)<\/strong> pour janvier 2018, avec <strong>Stanislas Dehaene<\/strong><a href=\"https:\/\/blogs.mediapart.fr\/rachel-schneider\/blog\/140224\/l-ecole-primaire-un-point-de-bascule#_ftn3\">[3]<\/a>\u00a0\u00e0 sa pr\u00e9sidence. <\/p>\n\n\n\n<h4 class=\"wp-block-heading\">&#8230;<em>Gabriel Attal, ministre de l&rsquo;\u00e9ducation nationale<\/em><\/h4>\n\n\n\n<p class=\"wp-block-paragraph\">C\u2019est le 5 d\u00e9cembre 2023 que <strong>Gabriel Attal<\/strong>, encore ministre de l\u2019Education nationale, saisit l\u2019occasion de la publication des r\u00e9sultats de <strong>PISA<\/strong><a href=\"https:\/\/blogs.mediapart.fr\/rachel-schneider\/blog\/140224\/l-ecole-primaire-un-point-de-bascule#_ftn4\">[4]<\/a>\u00a0pour annoncer, au cours d\u2019une conf\u00e9rence de presse, les mesures du <strong>\u00ab\u00a0Choc des savoirs\u00a0\u00bb<\/strong> \u00e0 l\u2019issue d\u2019une mission expresse de 8 semaines appel\u00e9e \u00ab\u00a0exigence des savoirs\u00a0\u00bb.<\/p>\n\n\n\n<p class=\"wp-block-paragraph\">Instrumentaliser des \u00e9valuations internationales pour imposer une politique \u00e9ducative n\u2019est donc pas une nouveaut\u00e9. Et c\u2019est la m\u00eame id\u00e9ologie r\u00e9actionnaire qui s\u2019exprime dans une parfaite continuit\u00e9 depuis 2017. Ainsi, le \u00ab\u00a0choc des savoirs\u00a0\u00bb de G. Attal pr\u00e9voit-il <strong>des groupes de niveau au coll\u00e8ge<\/strong> qui doivent, \u00e0 ce moment des annonces, \u00eatre organis\u00e9s <strong>d\u00e8s la rentr\u00e9e 2024 en 6<sup>\u00e8me<\/sup>\u00a0et en 5<sup>\u00e8me<\/sup><\/strong>\u00a0(en 4<sup>\u00e8me<\/sup>\u00a0et 3<sup>\u00e8me<\/sup>\u00a0l\u2019ann\u00e9e suivante), sur la totalit\u00e9 des heures de <strong>math\u00e9matiques et de fran\u00e7ais<\/strong>. Cette mesure permet de <strong>recr\u00e9er des fili\u00e8res s\u00e9gr\u00e9gatives <\/strong>selon le \u00ab\u00a0niveau\u00a0\u00bb des \u00e9l\u00e8ves \u00e0 l\u2019int\u00e9rieur m\u00eame du \u00ab\u00a0coll\u00e8ge unique\u00a0\u00bb, tout en affichant la volont\u00e9 d\u2019\u00e9lever le niveau g\u00e9n\u00e9ral des \u00e9l\u00e8ves.<\/p>\n\n\n\n<p class=\"wp-block-paragraph\">Cependant les intentions de <strong>moins investir pour les \u00e9l\u00e8ves des classes populaires<\/strong>, destin\u00e9s \u00e0 servir de main d\u2019\u0153uvre bon march\u00e9, pr\u00e9caris\u00e9e et donc corv\u00e9able \u00e0 merci, sont \u00e0 peine voil\u00e9es, puisque G. Attal d\u00e9clare s\u2019adresser d\u2019abord aux \u00ab\u00a0<em>Fran\u00e7ais des classes moyennes [qui] financent par leur travail le fonctionnement de nos services publics<\/em>\u00a0\u00bb dont les enfants seraient \u00ab\u00a0<em>emp\u00each\u00e9s de s\u2019envoler<\/em>\u00a0\u00bb. Il renonce explicitement \u00e0 l\u2019\u00e9l\u00e9vation g\u00e9n\u00e9rale du niveau scolaire et \u00e0 la d\u00e9mocratisation de la r\u00e9ussite scolaire : \u00ab\u00a0<em>Le taux de r\u00e9ussite au brevet et sans doute au bac diminuera dans les ann\u00e9es \u00e0 venir. J\u2019en ai conscience et je l\u2019assume<\/em>\u00a0\u00bb, dit-il. Apr\u00e8s la mise en place d\u2019un <strong>lyc\u00e9e modulaire<\/strong>, les <strong>r\u00e9formes de la voie professionnelle<\/strong> et <strong>Parcoursup<\/strong>, il ne manquait plus qu\u2019une <strong>attaque frontale contre le coll\u00e8ge unique<\/strong> pour aggraver encore un <strong>tri social des \u00e9l\u00e8ves<\/strong> organis\u00e9 par l\u2019institution.<\/p>\n\n\n\n<p class=\"wp-block-paragraph\">Les groupes de niveaux sont, de plus, accompagn\u00e9s d\u2019<strong>une classe de \u00ab pr\u00e9pa-lyc\u00e9e \u00bb<\/strong> pour d\u00e9courager plus d\u2019\u00e9l\u00e8ves fragiles (ceux ayant rat\u00e9 leur brevet) \u00e0 choisir l\u2019une des voies du lyc\u00e9e, au profit de l\u2019apprentissage.<\/p>\n\n\n\n<p class=\"wp-block-paragraph\">Le \u00ab\u00a0choc des savoirs\u00a0\u00bb est donc surtout un \u00ab\u00a0choc\u00a0\u00bb de <strong>renoncement \u00e0 la d\u00e9mocratisation scolaire<\/strong>, essentiellement visible dans le 2<sup>nd<\/sup>\u00a0degr\u00e9, ce qui explique la forte mobilisation des enseignants et CPE de coll\u00e8ge lors de la gr\u00e8ve du 1<sup>er<\/sup>\u00a0f\u00e9vrier 2024.<\/p>\n\n\n\n<p class=\"wp-block-paragraph\">Pourtant, le 1<sup>er<\/sup>\u00a0degr\u00e9 aussi est concern\u00e9, mais de fa\u00e7on beaucoup moins visible et compr\u00e9hensible pour le grand public, mais aussi pour les PE (professeur\u2022e\u2022s d&rsquo;\u00e9coles), noy\u00e9s dans des conditions de travail de plus en plus d\u00e9grad\u00e9es<a href=\"https:\/\/blogs.mediapart.fr\/rachel-schneider\/blog\/140224\/l-ecole-primaire-un-point-de-bascule#_ftn5\">[5]<\/a>.<\/p>\n\n\n\n<h3 class=\"wp-block-heading has-text-align-center\"><strong><mark style=\"background-color:rgba(0, 0, 0, 0)\" class=\"has-inline-color has-luminous-vivid-orange-color\">Le 1<sup>er<\/sup>\u00a0degr\u00e9 \u00e0 un point de bascule<\/mark><\/strong><\/h3>\n\n\n\n<p class=\"wp-block-paragraph\">Pour le 1<sup>er<\/sup>\u00a0degr\u00e9, il y a bien s\u00fbr l\u2019annonce des <strong>redoublements<\/strong> dor\u00e9navant d\u00e9cid\u00e9s par les enseignants, mais surtout adoss\u00e9s \u00e0 <strong>des dispositifs hors la classe<\/strong> comme les \u00ab\u00a0stages de remise \u00e0 niveau\u00a0\u00bb, que le minist\u00e8re veut d\u00e9velopper. Le Centre national d&rsquo;\u00e9tude des syst\u00e8mes scolaires (<strong>CNESCO<\/strong>) a pourtant montr\u00e9 que la multiplication des dispositifs d\u2019aide hors la classe s\u2019est accompagn\u00e9e, depuis le d\u00e9but des ann\u00e9es 2000, d\u2019une aggravation r\u00e9guli\u00e8re des in\u00e9galit\u00e9s scolaires qui, elles-m\u00eames, sont corr\u00e9l\u00e9es aux in\u00e9galit\u00e9s sociales.<\/p>\n\n\n\n<p class=\"wp-block-paragraph\">Mais trois autres d\u00e9cisions font syst\u00e8me<a href=\"https:\/\/blogs.mediapart.fr\/rachel-schneider\/blog\/140224\/l-ecole-primaire-un-point-de-bascule#_ftn6\">[6]<\/a>, et peuvent passer relativement inaper\u00e7ues. Il s\u2019agit des annonces concernant les programmes, les manuels et les \u00e9valuations nationales.<\/p>\n\n\n\n<h4 class=\"wp-block-heading\"><em>Programmes\u00a0: une inversion compl\u00e8te<\/em><\/h4>\n\n\n\n<p class=\"wp-block-paragraph\">Jusqu\u2019\u00e0 pr\u00e9sent, les programmes nationaux, comme le socle commun de connaissances, de comp\u00e9tences et de culture, fixent ce qui doit faire <strong>\u00ab\u00a0culture commune\u00a0\u00bb pour tous les \u00e9l\u00e8ves.<\/strong> La mani\u00e8re de les mettre en \u0153uvre rel\u00e8ve de l\u2019expertise, des choix et de la responsabilit\u00e9 des enseignants. Ces textes, inscrits dans <strong>le code de l\u2019\u00e9ducation<\/strong> ont force de loi, et les enseignants peuvent invoquer la hi\u00e9rarchie des normes pour s\u2019y r\u00e9f\u00e9rer envers et contre tous les \u00ab\u00a0guides\u00a0\u00bb et autres prescriptions, qui se sont multipli\u00e9s depuis 2017 en n\u00e9gation de leur libert\u00e9 p\u00e9dagogique.<\/p>\n\n\n\n<p class=\"wp-block-paragraph\">Ce n\u2019est donc pas \u00e0 la l\u00e9g\u00e8re que Gabriel Attal (encore ministre de l\u2019Education nationale pour quelques heures), dans sa lettre de saisine du <strong>Conseil sup\u00e9rieur des programmes (CSP)<\/strong> du 08\/01\/2024, en appelle \u00e0 \u00ab\u00a0<em>un profond changement de philosophie<\/em>\u00a0\u00bb. La commande pr\u00e9voit en effet <strong>des objectifs annuels \u00ab\u00a0<em>voire infra-annuels<\/em>\u00a0\u00bb (en contradiction avec la notion de cycles)<\/strong>, et surtout \u00ab\u00a0<em>des indications pr\u00e9cises sur les strat\u00e9gies d\u2019enseignement, les d\u00e9marches et les outils\u00a0n\u00e9cessaires<\/em>\u00a0\u00bb.<\/p>\n\n\n\n<p class=\"wp-block-paragraph\"><strong>Les nouveaux programmes <\/strong>devront indiquer \u00ab\u00a0<em>explicitement des rep\u00e8res d\u2019activit\u00e9, d\u2019acquisition voire de performance, attendus des \u00e9l\u00e8ves (par exemple la longueur des textes lus et \u00e9crits, le nombre de probl\u00e8mes r\u00e9solus, le nombre de mots connus, le nombre de mots lus en une minute\u2026)\u00a0<\/em>\u00bb, <strong>avec la pr\u00e9cision de progressions \u00ab\u00a0<em>du simple au complexe\u00a0<\/em>\u00bb\u2026 (dont les p\u00e9dagogues savent \u00e0 quel point c\u2019est une erreur, le \u00ab\u00a0simple\u00a0\u00bb \u00e9tant souvent le plus abstrait).<\/strong><\/p>\n\n\n\n<p class=\"wp-block-paragraph\">C\u2019est donc une inversion compl\u00e8te qui est command\u00e9e au CSP pour la prochaine rentr\u00e9e\u00a0: les programmes nationaux, et d\u2019abord ceux de maternelle et de cycle 2 (CP, CE1 et CE2), doivent se transformer en \u00ab\u00a0feuille de route\u00a0\u00bb que les enseignant.es devraient suivre \u00e0 la lettre.<\/p>\n\n\n\n<h4 class=\"wp-block-heading\"><em>Manuels&nbsp;: une labellisation, mais pas que<\/em><\/h4>\n\n\n\n<p class=\"wp-block-paragraph\">Contre la position des \u00e9diteurs scolaires et contre les organisations syndicales des enseignants, le minist\u00e8re a pr\u00e9sent\u00e9 au <strong>Conseil sup\u00e9rieur de l\u2019Education<\/strong> <strong>nationale (CSEN)<\/strong> du 8 f\u00e9vrier 2024 un projet de d\u00e9cret cr\u00e9ant une commission (plac\u00e9e aupr\u00e8s du pr\u00e9sident du CSP) charg\u00e9e de labelliser les manuels scolaires. Cette d\u00e9cision, qui aura forc\u00e9ment <strong>un effet d\u2019uniformisation des manuels,<\/strong> est en contradiction avec le r\u00e9gime de triple libert\u00e9 (d\u2019\u00e9dition, mais aussi de choix et d\u2019usage pour les enseignants) cr\u00e9\u00e9 en 1880 par <strong>Ferry et Buisson<\/strong>. Il est d\u2019ailleurs bon de savoir que la seule entorse \u00e0 ce r\u00e9gime remonte \u00e0\u2026 1940, quand le r\u00e9gime de Vichy instaura \u00ab\u00a0<em>une liste unique d\u2019ouvrages autoris\u00e9s dans les \u00e9coles<\/em>\u00a0\u00bb<a href=\"https:\/\/blogs.mediapart.fr\/rachel-schneider\/blog\/140224\/l-ecole-primaire-un-point-de-bascule#_ftn7\">[7]<\/a>.<\/p>\n\n\n\n<p class=\"wp-block-paragraph\">Mais le plus grave dans ce d\u00e9cret est le fait qu\u2019il attribue au CSEN de Stanislas Dehaene le r\u00f4le de d\u00e9finir le r\u00e9f\u00e9rentiel de cette labellisation. Ce r\u00e9f\u00e9rentiel porte \u00e0 la fois sur la conformit\u00e9 des manuels aux programmes, mais aussi sur leur \u00ab\u00a0<em>qualit\u00e9 p\u00e9dagogique et didactique<\/em>\u00a0\u00bb. D\u00e9j\u00e0 que les nouveaux programmes devraient corseter la libert\u00e9 p\u00e9dagogique comme jamais, <strong>les manuels seront un outil de prescription suppl\u00e9mentaire<\/strong>. Ce projet de d\u00e9cret a \u00e9t\u00e9 rejet\u00e9 par le CSE avec 33 voix contre, 2 pour (la PEEP, une association de parents d&rsquo;\u00e9l\u00e8ves et l\u2019UNAF, Union nationale des associations familiales), et 2 abstentions\u2026 cependant le CSE \u00e9met un avis que le minist\u00e8re peut ne pas suivre.<\/p>\n\n\n\n<h4 class=\"wp-block-heading\"><em>Evaluations nationales&nbsp;: la g\u00e9n\u00e9ralisation<\/em><\/h4>\n\n\n\n<p class=\"wp-block-paragraph\">Les \u00e9valuations nationales <strong>standardis\u00e9es<\/strong> des \u00e9l\u00e8ves, impos\u00e9es depuis 2018, ont eu un impact en <strong>CP et CE1<\/strong> \u00e0 la fois sur les contenus enseign\u00e9s (resserrement progressif sur les items des \u00e9valuations plut\u00f4t que sur l&rsquo;enti\u00e8ret\u00e9 des programmes), ainsi que sur <strong>le m\u00e9tier enseignant<\/strong> : pressions multiples pour que le travail s&rsquo;organise autour de ces \u00e9valuations, l\u2019exemple le plus flagrant \u00e9tant <strong>la g\u00e9n\u00e9ralisation des entra\u00eenements \u00e0 la \u00ab\u00a0fluence\u00a0\u00bb<\/strong><a href=\"https:\/\/blogs.mediapart.fr\/rachel-schneider\/blog\/140224\/l-ecole-primaire-un-point-de-bascule#_ftn8\">[8]<\/a>.<\/p>\n\n\n\n<p class=\"wp-block-paragraph\"><strong>Le \u00ab\u00a0choc des savoirs\u00a0\u00bb<\/strong> pr\u00e9voit une g\u00e9n\u00e9ralisation des \u00e9valuations standardis\u00e9es \u00e0 tous les niveaux de classe <strong>du CP \u00e0 la seconde<\/strong>. Le pilotage \u00ab\u00a0p\u00e9dagogique\u00a0\u00bb qui doit accompagner cette g\u00e9n\u00e9ralisation est d\u00e9crit dans plusieurs textes\u00a0:<\/p>\n\n\n\n<p class=\"wp-block-paragraph\">&#8211; <strong>le Conseil Acad\u00e9mique des Savoirs Fondamentaux<\/strong> (CASF), au BO du 12\/01\/2023 est ainsi d\u00e9fini : \u00ab\u00a0<em>instance strat\u00e9gique de pilotage p\u00e9dagogique acad\u00e9mique<\/em>\u00a0\u00bb, \u00ab\u00a0<em>pr\u00e9sid\u00e9 personnellement par le recteur ou la rectrice<\/em>\u00a0\u00bb. Le CASF a pour missions\u00a0<strong><em>\u00ab le pilotage de la priorit\u00e9 donn\u00e9e aux fondamentaux<\/em>\u00a0\u00bb<\/strong> \u00ab\u00a0<em>se fondant notamment sur l\u2019analyse des r\u00e9sultats [des \u00e9l\u00e8ves] aux \u00e9valuations nationales<\/em>\u00a0\u00bb, \u00ab\u00a0<em>la pr\u00e9conisation d\u2019outils, supports et d\u00e9marches<\/em>\u00a0\u00bb et \u00ab\u00a0<em>le rep\u00e9rage, la diffusion et la valorisation des pratiques efficaces<\/em>\u00a0\u00bb en s\u2019appuyant sur des visites des IEN et IPR dans les classes.<\/p>\n\n\n\n<p class=\"wp-block-paragraph\">&#8211; le rapport de l&rsquo;Inspection G\u00e9n\u00e9rale (IGESR) \u00ab Appropriation des \u00e9valuations nationales de CP, CE1 et de sixi\u00e8me dans le pilotage des circonscriptions du premier degr\u00e9 \u00bb de janvier 2023, pr\u00e9conise aussi bien la multiplication des <strong>visites des IEN dans les classes<\/strong> que le fait de mettre au centre du pilotage l&rsquo;<strong>am\u00e9lioration des \u00e9valuations nationales<\/strong>. A titre d\u2019exemples, voici la recommandation n\u00b0 3 : \u00ab\u00a0<em>\u00e9tablir un pilotage cibl\u00e9 sur les circonscriptions et les \u00e9coles qui ont des r\u00e9sultats inf\u00e9rieurs \u00e0 la moyenne des r\u00e9sultats des circonscriptions ou des \u00e9coles de sociologie comparable : au niveau national, instituer un dialogue strat\u00e9gique entre la DGESCO et les rectorats sur la politique d\u2019exploitation p\u00e9dagogique des r\u00e9sultats des \u00e9l\u00e8ves aux \u00e9valuations nationales \u00e0 l\u2019\u00e9chelle des circonscriptions du 1er degr\u00e9<\/em>.\u00a0\u00bb Ainsi que la recommandation n\u00b0 8 : \u00ab\u00a0<em>int\u00e9grer dans les projets d\u2019\u00e9cole des \u00e9l\u00e9ments en lien avec les r\u00e9sultats aux \u00e9valuations nationales, en se centrant sur certains items n\u00e9cessitant une vigilance de l\u2019\u00e9quipe et en se fixant des objectifs pr\u00e9cis d\u2019am\u00e9lioration des r\u00e9sultats<\/em>. \u00bb<\/p>\n\n\n\n<p class=\"wp-block-paragraph\">&#8211; le rapport de janvier 2024 de la <strong>mission parlementaire sur l&rsquo;apprentissage de la lecture<\/strong>, contient \u00e9galement des propositions allant dans le m\u00eame sens, comme en t\u00e9moigne la proposition 22\u00a0: \u00ab \u2026<em>lettres de mission aux IEN pour un pilotage cibl\u00e9<\/em>\u00a0\u00bb l\u00e0 o\u00f9 \u00ab\u00a0<em>les r\u00e9sultats aux \u00e9valuations sont inf\u00e9rieurs \u00e0 la moyenne<\/em>\u2026 \u00bb. Les propos de la d\u00e9put\u00e9e Annie Genevard, responsable de cette mission, lors de la pr\u00e9sentation du rapport le 24 janvier sont \u00e9difiants : \u00ab\u00a0<em>Il faut que la p\u00e9dagogie s\u2019adapte aux r\u00e9sultats des \u00e9valuations. Les enseignants sont libres de leur p\u00e9dagogie, comptables des r\u00e9sultats et doivent appliquer les bonnes m\u00e9thodes. <strong>La libert\u00e9 p\u00e9dagogique s\u2019exerce dans le cadre du guide orange avec un manuel labellis\u00e9,<\/strong> compagnon de l\u2019apprentissage<\/em>\u00a0\u00bb.<\/p>\n\n\n\n<p class=\"wp-block-paragraph\">L\u2019id\u00e9ologie r\u00e9actionnaire et autoritaire \u00e0 l\u2019\u0153uvre dans le 1<sup>er<\/sup>\u00a0degr\u00e9 a cependant une particularit\u00e9\u00a0: elle cherche \u00e0 imposer les recettes les plus \u00e9cul\u00e9es, comme \u00ab\u00a0le 100% d\u00e9chiffrable\u00a0\u00bb en lecture, tout en affirmant s\u2019appuyer sur LA science.<\/p>\n\n\n\n<h4 class=\"wp-block-heading\"><strong>\u00ab&nbsp;Prouv\u00e9 par LA science&nbsp;\u00bb&nbsp;?<\/strong><\/h4>\n\n\n\n<p class=\"wp-block-paragraph\">D\u00e8s les premi\u00e8res notes de la DEPP portant sur les \u00e9valuations CP et CE1 de 2018, le mod\u00e8le d\u2019enseignement \u00e9tait donn\u00e9\u00a0: \u00ab\u00a0<em>Les \u00e9valuations sont donc conduites en d\u00e9but d\u2019ann\u00e9e et non pas \u00e0 la fin, l\u2019objectif \u00e9tant de d\u00e9terminer comment accompagner au mieux un \u00e9l\u00e8ve tout au long de l\u2019ann\u00e9e. Ce dispositif s\u2019inscrit dans une strat\u00e9gie p\u00e9dagogique appel\u00e9e \u2018\u2019r\u00e9ponse \u00e0 l\u2019intervention\u2019\u2019 (RAI) qui a fait ses preuves dans d\u2019autres pays<\/em>.<a href=\"https:\/\/blogs.mediapart.fr\/rachel-schneider\/blog\/140224\/l-ecole-primaire-un-point-de-bascule#_ftn9\">[9]<\/a>\u00a0\u00bb<\/p>\n\n\n\n<p class=\"wp-block-paragraph\">En r\u00e9sum\u00e9, <strong>la R\u00e0I <\/strong>fait partie des dispositifs relevant du courant de \u00ab\u00a0l\u2019\u00e9ducation fond\u00e9e sur les donn\u00e9es probantes\u00a0\u00bb, <strong>tr\u00e8s d\u00e9velopp\u00e9 dans les pays anglo-saxon <\/strong>(les Etats-Unis se sont vus imposer ce courant dans le pilotage du syst\u00e8me \u00e9ducatif par trois lois f\u00e9d\u00e9rales), lui-m\u00eame inspir\u00e9 d\u2019<strong>un mod\u00e8le m\u00e9dical<\/strong>. Ce mod\u00e8le d\u2019enseignement, qui n\u2019a jamais \u00e9t\u00e9 pr\u00e9sent\u00e9 dans aucune instance de l\u2019Education nationale en France, et donc qui n\u2019a jamais pu \u00eatre discut\u00e9, s\u2019appuie sur\u00a0:<\/p>\n\n\n\n<ul class=\"wp-block-list\">\n<li>un enseignement pour tous construit <strong>\u00e0 partir d\u2019exp\u00e9riences scientifiques<\/strong> (les \u00ab\u00a0essais contr\u00f4l\u00e9s randomis\u00e9s\u00a0\u00bb<a href=\"https:\/\/blogs.mediapart.fr\/rachel-schneider\/blog\/140224\/l-ecole-primaire-un-point-de-bascule#_ftn10\">[10]<\/a>)<\/li>\n\n\n\n<li><strong>un rep\u00e9rage des \u00e9l\u00e8ves<\/strong> qui ne suivraient pas la progression attendue gr\u00e2ce \u00e0 des \u00e9valuations r\u00e9guli\u00e8res<\/li>\n\n\n\n<li><strong>des entra\u00eenements intensifs sur des comp\u00e9tences isol\u00e9es<\/strong> pour les \u00e9l\u00e8ves en difficult\u00e9. Il existe 2 niveaux d\u2019aide diff\u00e9rents, le premier doit convenir \u00e0 15% de la population scolaire pouvant \u00eatre en difficult\u00e9, le deuxi\u00e8me \u00e9tant r\u00e9serv\u00e9 aux 5% d\u2019\u00e9l\u00e8ves attendus comme \u00e9tant encore en difficult\u00e9 apr\u00e8s les entra\u00eenements du 1<sup>er<\/sup>\u00a0niveau d\u2019aide.<\/li>\n<\/ul>\n\n\n\n<p class=\"wp-block-paragraph\">Ce sch\u00e9ma, aussi invraisemblable qu\u2019il paraisse, est celui que le CSEN veut imposer au syst\u00e8me \u00e9ducatif et en particulier dans le 1<sup>er<\/sup>&nbsp;degr\u00e9, et d\u2019abord et avant tout dans le domaine de l\u2019apprentissage de la lecture.<\/p>\n\n\n\n<p class=\"wp-block-paragraph\"><strong>Le CSEN et son pr\u00e9sident Stanislas Dehaene<\/strong> ont beau affirmer que leurs pr\u00e9conisations sont bas\u00e9e sur LA science, des exp\u00e9rimentations montrent que ce mod\u00e8le ne donne pas les r\u00e9sultats attendus, voire produit des effets n\u00e9gatifs<a href=\"https:\/\/blogs.mediapart.fr\/rachel-schneider\/blog\/140224\/l-ecole-primaire-un-point-de-bascule#_ftn11\">[11]<\/a>.<\/p>\n\n\n\n<p class=\"wp-block-paragraph\">Et surtout, un bilan de ce type de gestion du syst\u00e8me \u00e9ducatif, \u00e9tabli par <strong>Christian Maroy pour le Qu\u00e9bec<\/strong><a href=\"https:\/\/blogs.mediapart.fr\/rachel-schneider\/blog\/140224\/l-ecole-primaire-un-point-de-bascule#_ftn12\">[12]<\/a>, alerte sur les cons\u00e9quences tr\u00e8s n\u00e9gatives sur le m\u00e9tier enseignant. Le chercheur \u00e9voque \u00a0des b\u00e9n\u00e9fices pour les \u00e9l\u00e8ves peu \u00e9vidents, mais une <strong>diminution de l\u2019autonomie professionnelle des enseignants<\/strong>, une n\u00e9gation de leurs savoirs d\u2019exp\u00e9rience et la limitation de leur domaine de comp\u00e9tence.<\/p>\n\n\n\n<p class=\"wp-block-paragraph\">Le CSEN et son pr\u00e9sident sont enferm\u00e9s dans une seule \u00e9pist\u00e9mologie, qu\u2019ils consid\u00e8rent comme la seule valable\u2026 ne reconnaissant que les \u00ab\u00a0essais contr\u00f4l\u00e9s randomis\u00e9s\u00a0\u00bb, <strong>ils d\u00e9nigrent tout ce qui rel\u00e8ve des recherches qualitatives, de la sociologie, du socio-constructivisme\u2026 <\/strong>Pourtant, Fran\u00e7ois Vincent, l\u2019un des chercheurs qui a contribu\u00e9 \u00e0 l\u2019ouvrage r\u00e9cent\u00a0<em>Les donn\u00e9es probantes et l\u2019\u00e9ducation<\/em>\u00a0le rappelle\u00a0: une des limites des approches post-positivistes (telles celles promues par le CSEN) pour mesurer les approches p\u00e9dagogiques est qu\u2019\u00ab\u00a0<em>elles ne sont pertinentes que dans la mesure o\u00f9 l\u2019objet d\u2019apprentissage peut \u00eatre quantifi\u00e9 ou, \u00e0 tout le moins, inscrit dans une dichotomie acquis \/ non acquis<\/em>\u00a0\u00bb (p. 148).<\/p>\n\n\n\n<h4 class=\"wp-block-heading\"><strong>Conclusion\u2026 provisoire<\/strong><\/h4>\n\n\n\n<p class=\"wp-block-paragraph\">En r\u00e9sum\u00e9, la question pour le 1<sup>er<\/sup>\u00a0degr\u00e9 est de savoir si les \u00ab\u00a0savants fous\u00a0\u00bb du <strong>CSEN<\/strong> r\u00e9ussiront \u00e0 imposer leur conception des apprentissages et de l\u2019enseignement envers et contre les enseignants, leurs organisations syndicales, les mouvements p\u00e9dagogiques et des pans entiers de la recherche\u2026 Le \u00ab\u00a0choc des savoirs\u00a0\u00bb va-t-il s\u2019imposer avec les cons\u00e9quences catastrophiques \u00e9voqu\u00e9es ici pour l\u2019\u00e9cole primaire\u00a0?<\/p>\n\n\n\n<p class=\"wp-block-paragraph\">Il est certain que si cette perspective gla\u00e7ante se confirmait, cela se ferait au d\u00e9triment ET du <strong>m\u00e9tier enseignant<\/strong>, ET de toute possibilit\u00e9 de lutte contre les <strong>in\u00e9galit\u00e9s scolaires<\/strong>, puisque les \u00e9l\u00e8ves des classes populaires n\u2019auraient plus aucune chance de construire des apprentissages culturels et \u00e9mancipateurs \u00e0 l\u2019\u00e9cole\u00a0!<\/p>\n\n\n\n<p class=\"wp-block-paragraph\">La rentr\u00e9e 2024 est donc la rentr\u00e9e de tous les dangers. Et il n\u2019\u00e9tonnera personne que l\u2019apprentissage de la lecture se trouve au c\u0153ur des enjeux du moment.<\/p>\n\n\n\n<p class=\"has-text-align-right wp-block-paragraph\">Rachel Schneider, professeure des \u00e9coles, <\/p>\n\n\n\n<p class=\"has-text-align-right wp-block-paragraph\">militante \u00e0 la FSU-SNUipp (secteur \u00e9ducatif).<\/p>\n\n\n\n<p class=\"has-text-align-right wp-block-paragraph\">Cet article est \u00e9galement publi\u00e9 dans\u00a0<strong>Les Actes de Lecture<\/strong>\u00a0n\u00b0162<\/p>\n\n\n\n<p class=\"has-text-align-center wp-block-paragraph\">***<\/p>\n\n\n\n<p class=\"wp-block-paragraph\">NOTES<\/p>\n\n\n\n<p class=\"wp-block-paragraph\"><a href=\"https:\/\/blogs.mediapart.fr\/rachel-schneider\/blog\/140224\/l-ecole-primaire-un-point-de-bascule#_ftnref1\">[1]<\/a>&nbsp;PIRLS&nbsp;: enqu\u00eate internationale, r\u00e9alis\u00e9e tous les 5 ans depuis 2001,&nbsp; qui \u00e9value le niveau de lecture des \u00e9l\u00e8ves de 9-10 ans (CM1)<\/p>\n\n\n\n<p class=\"wp-block-paragraph\"><a href=\"https:\/\/blogs.mediapart.fr\/rachel-schneider\/blog\/140224\/l-ecole-primaire-un-point-de-bascule#_ftnref2\">[2]<\/a>\u00a0M\u00e9diapart, \u00ab\u00a0Blanquer r\u00e9pond \u00e0 c\u00f4t\u00e9 pour am\u00e9liorer les performances de lecture des \u00e9l\u00e8ves\u00a0\u00bb, Fa\u00efza Zerouala. <strong><a href=\"https:\/\/www.mediapart.fr\/journal\/france\/051217\/blanquer-repond-cote-pour-ameliorer-les-performances-de-lecture-des-eleves\">Lire ici.<\/a><\/strong><\/p>\n\n\n\n<p class=\"wp-block-paragraph\">05\/12\/2017\u00a0<em>ou<\/em>\u00a0Les Echos, \u00ab\u00a0Education : ce que veut faire Blanquer pour remonter le niveau des \u00e9l\u00e8ves en lecture\u00a0\u00bb, Marie-Christine Corbier 05\/12\/2017. <strong><a href=\"https:\/\/www.lesechos.fr\/2017\/12\/education-ce-que-veut-faire-blanquer-pour-remonter-le-niveau-des-eleves-en-lecture-188580\">Lire ici.<\/a><\/strong><\/p>\n\n\n\n<p class=\"wp-block-paragraph\"><a href=\"https:\/\/blogs.mediapart.fr\/rachel-schneider\/blog\/140224\/l-ecole-primaire-un-point-de-bascule#_ftnref3\">[3]<\/a>&nbsp;Stanislas Dehaene est psychologue cognitif et neuroscientifique, professeur au Coll\u00e8ge de France, et pr\u00e9sident du CSEN depuis sa cr\u00e9ation en 2018<\/p>\n\n\n\n<p class=\"wp-block-paragraph\"><a href=\"https:\/\/blogs.mediapart.fr\/rachel-schneider\/blog\/140224\/l-ecole-primaire-un-point-de-bascule#_ftnref4\">[4]<\/a>&nbsp;PISA&nbsp;: Programme International pour le Suivi des Acquis, cette \u00e9tude est men\u00e9e tous les trois ans aupr\u00e8s de jeunes de 15 ans des pays de l\u2019OCDE<\/p>\n\n\n\n<p class=\"wp-block-paragraph\"><a href=\"https:\/\/blogs.mediapart.fr\/rachel-schneider\/blog\/140224\/l-ecole-primaire-un-point-de-bascule#_ftnref5\">[5]<\/a>\u00a0Les enqu\u00eates de climat scolaire se succ\u00e8dent (voir en particulier celle de l\u2019Autonome de Solidarit\u00e9 La\u00efque d\u2019octobre 2023) pour pointer les d\u00e9g\u00e2ts de l\u2019inclusion sans moyen et du non remplacement dans le 1<sup>er<\/sup>\u00a0degr\u00e9. <strong><a href=\"https:\/\/www.vousnousils.fr\/2023\/11\/17\/rapport-climat-scolaire-1er-degre-defiance-envers-la-haute-hierarchie-et-manque-de-moyens-pour-lecole-inclusive-680017#:~:text=Le%2013%20octobre%202023%2C%20L,celle%2Dci%20avec%20Eric%20Debarbieux.\">Lire ici.<\/a><\/strong><\/p>\n\n\n\n<p class=\"wp-block-paragraph\"><a href=\"https:\/\/blogs.mediapart.fr\/rachel-schneider\/blog\/140224\/l-ecole-primaire-un-point-de-bascule#_ftnref6\">[6]<\/a>&nbsp;Stanislas Dehaene, pr\u00e9sentant les conclusions de la mission \u00ab&nbsp;Exigence des savoirs&nbsp;\u00bb devant les d\u00e9put\u00e9s, a qualifi\u00e9 les mesures concernant le 1<sup>er<\/sup>&nbsp;degr\u00e9 \u00ab&nbsp;d\u2019\u00e9cosyst\u00e8me&nbsp;\u00bb<\/p>\n\n\n\n<p class=\"wp-block-paragraph\"><a href=\"https:\/\/blogs.mediapart.fr\/rachel-schneider\/blog\/140224\/l-ecole-primaire-un-point-de-bascule#_ftnref7\">[7]<\/a>&nbsp;Champy Philippe,&nbsp;<em>Vers une nouvelle guerre scolaire, Quand les technocrates et les neuroscientifiques mettent la main sur l\u2019Education nationale<\/em>, Editions La D\u00e9couverte, Paris, 2019 et Choppin Alain,&nbsp;<em>Le cadre l\u00e9gislatif et r\u00e9glementaire des manuels scolaires. II, De 1940 \u00e0 nos jours<\/em>. In: Histoire de l&rsquo;\u00e9ducation, n\u00b0 34, 1987. pp. 3-36<\/p>\n\n\n\n<p class=\"wp-block-paragraph\"><a href=\"https:\/\/blogs.mediapart.fr\/rachel-schneider\/blog\/140224\/l-ecole-primaire-un-point-de-bascule#_ftnref8\">[8]<\/a>&nbsp;Oralisation (chronom\u00e9tr\u00e9e) la plus rapide possible de mots, de pseudo-mots ou de textes sans que la question de la compr\u00e9hension n\u2019entre en ligne de compte<\/p>\n\n\n\n<p class=\"wp-block-paragraph\"><a href=\"https:\/\/blogs.mediapart.fr\/rachel-schneider\/blog\/140224\/l-ecole-primaire-un-point-de-bascule#_ftnref9\">[9]<\/a>&nbsp;DEPP, notes d\u2019information N\u00b0 19.13 \u2013 Avril 2019 \u00ab \u00c9valuations rep\u00e8res 2018 de d\u00e9but de CP : premiers r\u00e9sultats \u00bb et N\u00b0 19.14 \u2013 Avril 2019 \u00ab \u00c9valuations rep\u00e8res 2018 de d\u00e9but de CE1 : premiers r\u00e9sultats \u00bb<\/p>\n\n\n\n<p class=\"wp-block-paragraph\"><a href=\"https:\/\/blogs.mediapart.fr\/rachel-schneider\/blog\/140224\/l-ecole-primaire-un-point-de-bascule#_ftnref10\">[10]<\/a>\u00a0Dans l\u2019ouvrage cit\u00e9 en note n\u00b011, l<strong>e didacticien qu\u00e9b\u00e9cois Fran\u00e7ois Vincent<\/strong> explique\u00a0: \u00ab\u00a0on isole une variable et, \u00e0 partir d\u2019un groupe exp\u00e9rimental et d\u2019un groupe t\u00e9moin, on arrive \u00e0 v\u00e9rifier l\u2019effet de cette variable ind\u00e9pendante sur une variable d\u00e9pendante\u00a0\u00bb<\/p>\n\n\n\n<p class=\"wp-block-paragraph\"><a href=\"https:\/\/blogs.mediapart.fr\/rachel-schneider\/blog\/140224\/l-ecole-primaire-un-point-de-bascule#_ftnref11\">[11]<\/a>&nbsp;Voir notamment Chkair S. et Wagnon S. (sous la direction de),&nbsp;<em>Les donn\u00e9es probantes et l\u2019\u00e9ducation<\/em>, De Boeck Sup\u00e9rieur, 2023<\/p>\n\n\n\n<p class=\"wp-block-paragraph\"><a href=\"https:\/\/blogs.mediapart.fr\/rachel-schneider\/blog\/140224\/l-ecole-primaire-un-point-de-bascule#_ftnref12\">[12]<\/a>&nbsp;Maroy, C. (2021).&nbsp;<em>L\u2019\u00e9cole qu\u00e9b\u00e9coise \u00e0 l\u2019\u00e9preuve de la gestion ax\u00e9e sur les r\u00e9sultats. Sociologie de la mise en \u0153uvre d\u2019une politique n\u00e9o-lib\u00e9rale<\/em><\/p>\n","protected":false},"excerpt":{"rendered":"<p>Par Rachel Schneider, professeure des \u00e9coles, militante \u00e0 la FSU-SNUipp (secteur \u00e9ducatif). Publi\u00e9 dans Syst\u00e8me \u00e9ducatif. Avec le \u00ab choc des savoirs \u00bb, la rentr\u00e9e 2024 est celle de tous les dangers pour le 1er degr\u00e9. Programmes r\u00e9\u00e9crits pour y mettre le \u00ab guide orange \u00bb, labellisation des manuels et g\u00e9n\u00e9ralisation du pilotage par les&hellip; <a class=\"more-link\" href=\"https:\/\/education-bien-commun.fr\/?p=9075\">Lire la suite <span class=\"screen-reader-text\">L\u2019\u00e9cole primaire \u00e0 un point de bascule<\/span><\/a><\/p>\n","protected":false},"author":3,"featured_media":0,"comment_status":"open","ping_status":"open","sticky":true,"template":"","format":"standard","meta":{"_jetpack_newsletter_access":"","_jetpack_dont_email_post_to_subs":false,"_jetpack_newsletter_tier_id":0,"_jetpack_memberships_contains_paywalled_content":false,"_jetpack_feature_clip_id":0,"_jetpack_memberships_contains_paid_content":false,"footnotes":"","jetpack_post_was_ever_published":false},"categories":[2,5,6,15,18,30,32,37,47,54,57,58,59,65,67,75,81,83,87,96],"tags":[],"class_list":["post-9075","post","type-post","status-publish","format-standard","hentry","category-1er-degre","category-apprentissage","category-apprentissage-de-la-lecture","category-classes-populaires","category-competition","category-culture-commune","category-debat-democratique","category-ecole","category-enseignement","category-evaluations","category-finalite-du-systeme-educatif","category-formater","category-formation-des-enseignants","category-inegalites","category-lecture","category-pedagogie","category-politique-educative","category-pouvoir-politique","category-recherche","category-systeme-educatif"],"jetpack_sharing_enabled":true,"jetpack_featured_media_url":"","_links":{"self":[{"href":"https:\/\/education-bien-commun.fr\/index.php?rest_route=\/wp\/v2\/posts\/9075","targetHints":{"allow":["GET"]}}],"collection":[{"href":"https:\/\/education-bien-commun.fr\/index.php?rest_route=\/wp\/v2\/posts"}],"about":[{"href":"https:\/\/education-bien-commun.fr\/index.php?rest_route=\/wp\/v2\/types\/post"}],"author":[{"embeddable":true,"href":"https:\/\/education-bien-commun.fr\/index.php?rest_route=\/wp\/v2\/users\/3"}],"replies":[{"embeddable":true,"href":"https:\/\/education-bien-commun.fr\/index.php?rest_route=%2Fwp%2Fv2%2Fcomments&post=9075"}],"version-history":[{"count":0,"href":"https:\/\/education-bien-commun.fr\/index.php?rest_route=\/wp\/v2\/posts\/9075\/revisions"}],"wp:attachment":[{"href":"https:\/\/education-bien-commun.fr\/index.php?rest_route=%2Fwp%2Fv2%2Fmedia&parent=9075"}],"wp:term":[{"taxonomy":"category","embeddable":true,"href":"https:\/\/education-bien-commun.fr\/index.php?rest_route=%2Fwp%2Fv2%2Fcategories&post=9075"},{"taxonomy":"post_tag","embeddable":true,"href":"https:\/\/education-bien-commun.fr\/index.php?rest_route=%2Fwp%2Fv2%2Ftags&post=9075"}],"curies":[{"name":"wp","href":"https:\/\/api.w.org\/{rel}","templated":true}]}}