{"id":9238,"date":"2024-04-24T11:00:30","date_gmt":"2024-04-24T09:00:30","guid":{"rendered":"https:\/\/educationbiencommun.fr\/?p=9238"},"modified":"2024-04-24T11:00:30","modified_gmt":"2024-04-24T09:00:30","slug":"%f0%9d%90%8d%f0%9d%90%a8%f0%9d%90%ae%f0%9d%90%ac-%f0%9d%90%a7%f0%9d%90%9e-%f0%9d%90%ad%f0%9d%90%ab%f0%9d%90%a2%f0%9d%90%9e%f0%9d%90%ab%f0%9d%90%a8%f0%9d%90%a7%f0%9d%90%ac-%f0%9d%90%a9","status":"publish","type":"post","link":"https:\/\/education-bien-commun.fr\/?p=9238","title":{"rendered":"\u00ab\u00a0Nous ne trierons pas !\u00a0\u00bb : prise de conscience ou hypocrisie collective ?"},"content":{"rendered":"\n<p class=\"wp-block-paragraph\"><\/p>\n\n\n\n<p class=\"wp-block-paragraph\">Par Philippe Watrelot, militant p\u00e9dagogique actuellement membre du collectif \u00ab\u00a0Riposte Education\u00a0\u00bb, ancien pr\u00e9sident du Crap-Cahiers-P\u00e9dagogiques, signataire de nos appels Education bien commun. Publi\u00e9 dans Syst\u00e8me \u00e9ducatif.<\/p>\n\n\n\n<h3 class=\"wp-block-heading has-text-align-center\"><mark style=\"background-color:rgba(0, 0, 0, 0)\" class=\"has-inline-color has-luminous-vivid-orange-color\">Constat : un slogan unanime contre le \u00ab\u00a0choc des savoirs\u00a0\u00bb<\/mark><\/h3>\n\n\n\n<p class=\"wp-block-paragraph\">\u00ab Nous ne trierons pas ! \u00bb \u00ab Non au <strong>tri social<\/strong> \u00bb sont des slogans des luttes actuelles contre le <strong>\u00ab choc des savoirs<\/strong> \u00bb. On ne peut que se r\u00e9jouir de cette mobilisation unanime contre cette r\u00e9forme et plus particuli\u00e8rement contre <strong>les groupes de niveau(x)<\/strong> (je n\u2019ai jamais su s\u2019il fallait un pluriel ou non&#8230;).<\/p>\n\n\n\n<p class=\"wp-block-paragraph\">Les coll\u00e8gues mobilis\u00e9s (que ce soient les <strong>enseignants<\/strong> et <strong>des personnels de direction<\/strong>), les <strong>chercheurs <\/strong>et m\u00eame <strong>des anciens Dgesco<\/strong>, mettent en avant l\u2019impr\u00e9paration et la d\u00e9magogie de cette d\u00e9cision qui remet en question le principe d\u2019autonomie des \u00e9tablissements. Mais ils contestent aussi, et surtout, la valeur p\u00e9dagogique d\u2019un dispositif qui risque d\u2019accroitre le tri social et la s\u00e9gr\u00e9gation.<\/p>\n\n\n\n<p class=\"wp-block-paragraph\">Cette priorit\u00e9 donn\u00e9e \u00e0 la lutte contre les in\u00e9galit\u00e9s, renforc\u00e9e par la remise \u00e0 l\u2019agenda de la question de la s\u00e9gr\u00e9gation sociale et scolaire avec le r\u00f4le du priv\u00e9, ne peut que r\u00e9jouir le vieux militant p\u00e9dagogique que je suis.<\/p>\n\n\n\n<h3 class=\"wp-block-heading has-text-align-center\"><mark style=\"background-color:rgba(0, 0, 0, 0)\" class=\"has-inline-color has-luminous-vivid-orange-color\">Mais l\u2019\u00e9cole trie d\u00e9j\u00e0 !<\/mark><\/h3>\n\n\n\n<p class=\"wp-block-paragraph\">Mais le recul de l\u2019\u00e2ge me permet de dire que ces questions n\u2019ont pas toujours \u00e9t\u00e9 port\u00e9es avec autant de vigueur. Et l\u2019analyse au long cours du syst\u00e8me \u00e9ducatif m\u2019am\u00e8ne \u00e0 rappeler que l\u2019\u00e9cole trie d\u00e9j\u00e0 !<\/p>\n\n\n\n<p class=\"wp-block-paragraph\">Et que pendant longtemps l\u2019\u00c9cole et les enseignants s\u2019en sont plus ou moins accommod\u00e9s.<\/p>\n\n\n\n<p class=\"wp-block-paragraph\">Bien s\u00fbr je ne confonds pas, et je ne cesse de le dire, le syst\u00e8me \u00e9ducatif et chaque enseignant.e qui en fait partie. Je sais qu\u2019une des difficult\u00e9s d\u2019un discours critique sur l\u2019\u00c9cole est que l\u2019on prenne \u00ab pour soi \u00bb, une critique qui s\u2019adresse \u00e0 un syst\u00e8me.<\/p>\n\n\n\n<p class=\"wp-block-paragraph\">Je suis s\u00fbr qu\u2019une tr\u00e8s grande partie des professeurs est convaincue de la n\u00e9cessit\u00e9 de lutter contre les in\u00e9galit\u00e9s et les discriminations. Mais <strong>les pratiques p\u00e9dagogiques<\/strong> dans un ensemble de contraintes (moyens, dispositifs,\u2026) le permettent-elles ?<\/p>\n\n\n\n<p class=\"wp-block-paragraph\"><strong>Remise en question du coll\u00e8ge unique&#8230; par trop d&rsquo;enseignant\u2022es<\/strong> !<\/p>\n\n\n\n<ul class=\"wp-block-list\">\n<li>Dans les salles des profs ou des ma\u00eetres, les principes du coll\u00e8ge unique et d\u2019une <strong>scolarit\u00e9 obligatoire pour tous et avec les m\u00eames exigences<\/strong>, sont discut\u00e9s et m\u00eame remis en question par de nombreux coll\u00e8gues.<\/li>\n<\/ul>\n\n\n\n<p class=\"wp-block-paragraph\"><strong>Des moyens de d\u00e9tournement par les acteur\u2022rice\u2022s m\u00eame&#8230;renforcent la s\u00e9lection<\/strong><\/p>\n\n\n\n<ul class=\"wp-block-list\">\n<li>Dans les faits, les <strong>SEGPA <\/strong>permettent d\u2019\u00e9carter tr\u00e8s t\u00f4t des \u00e9l\u00e8ves sur des <strong>crit\u00e8res sociaux<\/strong> maquill\u00e9s en <strong>handicaps<\/strong>. <\/li>\n\n\n\n<li><strong>La diff\u00e9renciation<\/strong> n\u2019est pas une pratique si courante et cela ne tient pas seulement aux contraintes des moyens, ni m\u00eame \u00e0 la formation. <\/li>\n\n\n\n<li><strong>Nos pratiques d\u2019\u00e9valuation<\/strong>, elles non plus, ne sont pas si anodines et contribuent \u00e0 <strong>renforcer la s\u00e9lection<\/strong>. <\/li>\n\n\n\n<li>On s\u2019accommode aussi assez facilement de la <strong>fabrication de classes de niveau<\/strong> par le jeu des <strong>langues et des options<\/strong>. Et on se bat pour y enseigner&#8230;<\/li>\n<\/ul>\n\n\n\n<p class=\"wp-block-paragraph\">Les r\u00e9sultats de toutes les enqu\u00eates internationales ou nationales nous le disent, notre syst\u00e8me \u00e9ducatif est un de ceux qui est le plus in\u00e9galitaire. <strong>L\u2019\u00c9cole du \u00ab tri social \u00bb, elle est d\u00e9j\u00e0 l\u00e0 !<\/strong><\/p>\n\n\n\n<p class=\"wp-block-paragraph\">Il ne s\u2019agit pas ici de \u00ab cracher dans la soupe \u00bb ni de se poser en donneur de le\u00e7ons (d\u00e9formation professionnelle !) mais juste de rappeler cette <strong>r\u00e9alit\u00e9 de l\u2019injustice<\/strong> face \u00e0 l\u2019\u00e9cole.<\/p>\n\n\n\n<h3 class=\"wp-block-heading has-text-align-center\"><mark style=\"background-color:rgba(0, 0, 0, 0)\" class=\"has-inline-color has-luminous-vivid-orange-color\">Mais alors, allons jusqu&rsquo;au bout : bifurquons pour refuser ces in\u00e9galit\u00e9s<\/mark> <mark style=\"background-color:rgba(0, 0, 0, 0)\" class=\"has-inline-color has-luminous-vivid-orange-color\">!<\/mark><\/h3>\n\n\n\n<p class=\"wp-block-paragraph\">La prise de conscience, qui s\u2019exprime dans les mobilisations et les slogans des manifestations, est une bonne chose. Elle devrait nous amener <strong>collectivement \u00e0 agir sur le syst\u00e8me<\/strong> mais <strong>aussi dans nos \u00e9tablissements et dans nos classes pour refuser ces in\u00e9galit\u00e9s<\/strong> qui nous conduisent \u00e0 un risque majeur d\u2019explosion sociale.<\/p>\n\n\n\n<p class=\"wp-block-paragraph\">\u00ab Non au tri social \u00bb ne peut pas \u00eatre un slogan creux et une hypocrisie collective. <strong>C\u2019est un projet de soci\u00e9t\u00e9.<\/strong><\/p>\n\n\n\n<p class=\"has-text-align-right wp-block-paragraph\">Philippe Watrelot<\/p>\n\n\n\n<p class=\"has-text-align-right wp-block-paragraph\">Le 16 avril 2024<\/p>\n\n\n\n<p class=\"has-text-align-right wp-block-paragraph\">Post sur Facebook<\/p>\n\n\n\n<h3 class=\"wp-block-heading\">Note<\/h3>\n\n\n\n<p class=\"wp-block-paragraph\">Enseignant\u2022e\u2022s, personnels de l&rsquo;Education nationale, cadres institutionnels, chercheur\u2022e\u2022s, associations p\u00e9dagogiques, membres de la soci\u00e9t\u00e9 civile, \u00e9lu\u2022e\u2022s, parents d&rsquo;\u00e9l\u00e8ves, etc. <\/p>\n\n\n\n<ul class=\"wp-block-list\">\n<li>Pour s&rsquo;inscrire c&rsquo;est ici : <strong><a href=\"https:\/\/digipad.app\/p\/623073\/e9b15ab6ebcb2\">Collectif Ecole La Riposte<\/a><\/strong> <\/li>\n<\/ul>\n\n\n\n<p class=\"wp-block-paragraph\"><\/p>\n","protected":false},"excerpt":{"rendered":"<p>Par Philippe Watrelot, militant p\u00e9dagogique actuellement membre du collectif \u00ab\u00a0Riposte Education\u00a0\u00bb, ancien pr\u00e9sident du Crap-Cahiers-P\u00e9dagogiques, signataire de nos appels Education bien commun. Publi\u00e9 dans Syst\u00e8me \u00e9ducatif. Constat : un slogan unanime contre le \u00ab\u00a0choc des savoirs\u00a0\u00bb \u00ab Nous ne trierons pas ! \u00bb \u00ab Non au tri social \u00bb sont des slogans des luttes actuelles&hellip; <a class=\"more-link\" href=\"https:\/\/education-bien-commun.fr\/?p=9238\">Lire la suite <span class=\"screen-reader-text\">\u00ab\u00a0Nous ne trierons pas !\u00a0\u00bb : prise de conscience ou hypocrisie collective ?<\/span><\/a><\/p>\n","protected":false},"author":3,"featured_media":0,"comment_status":"open","ping_status":"open","sticky":true,"template":"","format":"standard","meta":{"_jetpack_newsletter_access":"","_jetpack_dont_email_post_to_subs":false,"_jetpack_newsletter_tier_id":0,"_jetpack_memberships_contains_paywalled_content":false,"_jetpack_feature_clip_id":0,"_jetpack_memberships_contains_paid_content":false,"footnotes":"","jetpack_post_was_ever_published":false},"categories":[5,18,37,41,43,44,47,54,57,65,81,83,96],"tags":[106,107,118,122,125,126,132],"class_list":["post-9238","post","type-post","status-publish","format-standard","hentry","category-apprentissage","category-competition","category-ecole","category-egalite","category-eleve","category-emancipation","category-enseignement","category-evaluations","category-finalite-du-systeme-educatif","category-inegalites","category-politique-educative","category-pouvoir-politique","category-systeme-educatif","tag-chocs-des-savoirs","tag-college","tag-groupes-de-niveau","tag-milieux-defavorises","tag-pedagogie-differenciee","tag-reforme","tag-tri-social"],"jetpack_sharing_enabled":true,"jetpack_featured_media_url":"","_links":{"self":[{"href":"https:\/\/education-bien-commun.fr\/index.php?rest_route=\/wp\/v2\/posts\/9238","targetHints":{"allow":["GET"]}}],"collection":[{"href":"https:\/\/education-bien-commun.fr\/index.php?rest_route=\/wp\/v2\/posts"}],"about":[{"href":"https:\/\/education-bien-commun.fr\/index.php?rest_route=\/wp\/v2\/types\/post"}],"author":[{"embeddable":true,"href":"https:\/\/education-bien-commun.fr\/index.php?rest_route=\/wp\/v2\/users\/3"}],"replies":[{"embeddable":true,"href":"https:\/\/education-bien-commun.fr\/index.php?rest_route=%2Fwp%2Fv2%2Fcomments&post=9238"}],"version-history":[{"count":0,"href":"https:\/\/education-bien-commun.fr\/index.php?rest_route=\/wp\/v2\/posts\/9238\/revisions"}],"wp:attachment":[{"href":"https:\/\/education-bien-commun.fr\/index.php?rest_route=%2Fwp%2Fv2%2Fmedia&parent=9238"}],"wp:term":[{"taxonomy":"category","embeddable":true,"href":"https:\/\/education-bien-commun.fr\/index.php?rest_route=%2Fwp%2Fv2%2Fcategories&post=9238"},{"taxonomy":"post_tag","embeddable":true,"href":"https:\/\/education-bien-commun.fr\/index.php?rest_route=%2Fwp%2Fv2%2Ftags&post=9238"}],"curies":[{"name":"wp","href":"https:\/\/api.w.org\/{rel}","templated":true}]}}