{"id":988,"date":"2020-06-14T11:51:05","date_gmt":"2020-06-14T09:51:05","guid":{"rendered":"http:\/\/educationbiencommun.fr\/?p=988"},"modified":"2020-06-14T11:51:05","modified_gmt":"2020-06-14T09:51:05","slug":"il-faut-tout-un-village-pour-elever-un-enfant","status":"publish","type":"post","link":"https:\/\/education-bien-commun.fr\/?p=988","title":{"rendered":"\u00ab\u00a0Il faut tout un village pour \u00e9lever un enfant\u00a0\u00bb"},"content":{"rendered":"\n<p class=\"wp-block-paragraph\">Par une maman en col\u00e8re. Publi\u00e9 dans <a href=\"https:\/\/education-bien-commun.fr\/co-education\/\">Co\u00e9ducation<\/a><\/p>\n\n\n\n<p class=\"wp-block-paragraph\"><strong>C\u2019est un proverbe africain<\/strong> qui le dit et il y a parfois du bon \u00e0 se souvenir des sagesses ancestrales&#8230;<\/p>\n\n\n\n<p class=\"wp-block-paragraph\">Dans nos soci\u00e9t\u00e9s industrialis\u00e9es, on se trouve malheureusement, en tant que parents parfois beaucoup trop isol\u00e9. Certes, les enfants (la grande majorit\u00e9) vont \u00e0 l\u2019\u00e9cole\u00a0et sont aussi \u00e9duqu\u00e9s, de fait, par la soci\u00e9t\u00e9 dans son ensemble\u00a0: l\u2019enfant per\u00e7oit qu\u2019il est bien, ou non, de se comporter de telle fa\u00e7on, d\u2019avoir telle ou telle activit\u00e9\u00a0; il ou elle acquiert des valeurs (qui ne sont pas toujours celles que les parents auraient voulues !), d\u00e9veloppe des savoirs, des habilet\u00e9s qui peuvent \u00e9tonner ses parents. Pourtant, ceux-ci sont seuls \u00e0 porter la <span style=\"text-decoration:underline\">responsabilit\u00e9 <\/span>de l\u2019\u00e9ducation de leur enfant, et on le leur reproche assez lorsque cet enfant d\u00e9vie de la norme\u00a0!<\/p>\n\n\n\n<p class=\"wp-block-paragraph\">Les parents sont \u00e9videmment plus ou moins entour\u00e9s\u00a0; les enfants grandissent dans des cercles familiaux et amicaux plus ou moins larges &#8211; ou restreints. \u00ab\u00a0Porter\u00a0\u00bb un enfant est \u00e9minemment plus facile si l\u2019on peut se reposer un moment sur une autre personne ou co-porter. \u00ab\u00a0Il faut tout un village\u00a0\u00bb\u00a0; c\u2019est un gage de succ\u00e8s.<\/p>\n\n\n\n<p class=\"wp-block-paragraph\">Mais que se passe t-il justement lorsque ces cercles sont trop restreints&nbsp;?? Lorsque ce \u00ab&nbsp;village&nbsp;\u00bb n\u2019existe pas&nbsp;??<\/p>\n\n\n\n<p class=\"wp-block-paragraph\">Les familles sont aujourd\u2019hui souvent dispers\u00e9es (parfois \u00e0 l\u2019autre bout du monde), d\u00e9chir\u00e9es, fragilis\u00e9es par la maladie ou la pr\u00e9carit\u00e9&nbsp;; les sociabilit\u00e9s paysannes et ouvri\u00e8res n\u2019existent plus que marginalement&nbsp;; les enfants peuvent rarement circuler en s\u00e9curit\u00e9 en dehors des \u00ab&nbsp;lieux d\u2019\u00e9ducation&nbsp;\u00bb ou de la maison.<\/p>\n\n\n\n<p class=\"wp-block-paragraph\">Il existe certes des dispositifs de \u00ab&nbsp;soutien \u00e0 la parentalit\u00e9&nbsp;\u00bb&nbsp;; h\u00e9las, si ces dispositifs existent, c\u2019est bien que la soci\u00e9t\u00e9 dans son ensemble n\u2019est pas con\u00e7ue pour \u00eatre un tel soutien&nbsp;! Le parent se sent en faute, coupable de ne pas \u00ab&nbsp;y arriver&nbsp;\u00bb tout seul. S\u2019il n\u2019est pas \u00ab&nbsp;convoqu\u00e9&nbsp;\u00bb, il ne sait pas vers qui se tourner pour demander de l\u2019aide&nbsp;; s\u2019il est \u00ab&nbsp;convoqu\u00e9&nbsp;\u00bb, la relation est d\u2019embl\u00e9e biais\u00e9e\u2026<\/p>\n\n\n\n<p class=\"wp-block-paragraph\">Certaines collectivit\u00e9s essayent de d\u00e9velopper la \u00ab\u00a0co-\u00e9ducation\u00a0\u00bb, \u00e0 l\u2019occasion notamment des \u00ab\u00a0projets \u00e9ducatifs de territoire\u00a0\u00bb, en organisant des temps d\u2019\u00e9changes entre parents et professionnel.le.s, des soir\u00e9es-d\u00e9bats, des moments conviviaux partag\u00e9s. Le plus souvent cependant il s\u2019agit de r\u00e9unions tr\u00e8s formelles o\u00f9 il n\u2019est pas question de discuter des difficult\u00e9s des uns et des autres (on y discute d\u00e9j\u00e0 rarement de ce que l\u2019on met derri\u00e8re les mots d\u2019\u00a0<strong>\u00ab\u00a0autonomie\u00a0\u00bb de l\u2019enfant, \u00ab\u00a0respect de ses besoins\u00a0\u00bb<\/strong>&#8230;). Chacun craint d\u2019\u00eatre remis en cause, mal jug\u00e9; il y a des statuts in\u00e9gaux; et il n\u2019y a pas de projet partag\u00e9 d\u2019\u00e9ducation\u00a0: l\u2019\u00e9ducation en tant que telle fait difficilement objet de d\u00e9bat\u00a0; il n\u2019est pas question de discuter des\u00ab\u00a0valeurs \u00e9ducatives\u00a0\u00bb des uns et des autres (les enseignants ne sont m\u00eame pas cens\u00e9s en avoir puisqu\u2019ils sont l\u00e0 pour faire apprendre le programme) et on n\u2019y discute pas non plus de la \u00ab\u00a0r\u00e9ussite\u00a0\u00bb. <strong>En r\u00e9alit\u00e9, chacun.e fait son possible dans un cadre global qui n\u2019est pas con\u00e7u pour l\u2019enfant\u00a0<\/strong>: les horaires de travail sont-ils con\u00e7us en se pr\u00e9occupant des enfants\u00a0? Leur demande t-on leur avis sur ce qu\u2019ils apprennent\u00a0? La distinction m\u00eame entre travail (temps scolaire) et loisirs a t-elle du sens pour l\u2019\u00e9ducation des enfants\u00a0? De toutes fa\u00e7ons, il y a ceux qui s\u2019en sortiront bien, et les autres. C\u2019est malheureux mais tous n\u2019ont pas les m\u00eames possibilit\u00e9s, n\u2019est-ce pas\u00a0?!<\/p>\n\n\n\n<p class=\"wp-block-paragraph\">Parler de \u00ab&nbsp;co-\u00e9ducation&nbsp;\u00bb aura un sens lorsqu\u2019on se souciera que chaque enfant ait acc\u00e8s \u00e0 des conditions de vie favorables \u00e0 son bon d\u00e9veloppement&nbsp;; parler de \u00ab&nbsp;co-\u00e9ducation&nbsp;\u00bb aura un sens lorsqu\u2019on se souciera du monde dans lequel on fait grandir, collectivement, tous nos enfants, et du monde qu\u2019on leur laissera&nbsp;; parler de \u00ab&nbsp;co-\u00e9ducation&nbsp;\u00bb aura un sens lorsque l\u2019\u00e9ducation visera, globalement, \u00e0 d\u00e9velopper les habilet\u00e9s propres de <span style=\"text-decoration:underline\">chaque<\/span> enfant, sans pr\u00e9jug\u00e9, et \u00e0 lui donner les moyens d\u2019avoir une vie digne.<\/p>\n\n\n\n<p class=\"wp-block-paragraph\">Une maman en col\u00e8re<\/p>\n","protected":false},"excerpt":{"rendered":"<p>Par une maman en col\u00e8re. Publi\u00e9 dans Co\u00e9ducation C\u2019est un proverbe africain qui le dit et il y a parfois du bon \u00e0 se souvenir des sagesses ancestrales&#8230; Dans nos soci\u00e9t\u00e9s industrialis\u00e9es, on se trouve malheureusement, en tant que parents parfois beaucoup trop isol\u00e9. Certes, les enfants (la grande majorit\u00e9) vont \u00e0 l\u2019\u00e9cole\u00a0et sont aussi&hellip; <a class=\"more-link\" href=\"https:\/\/education-bien-commun.fr\/?p=988\">Lire la suite <span class=\"screen-reader-text\">\u00ab\u00a0Il faut tout un village pour \u00e9lever un enfant\u00a0\u00bb<\/span><\/a><\/p>\n","protected":false},"author":3,"featured_media":0,"comment_status":"open","ping_status":"open","sticky":false,"template":"","format":"standard","meta":{"_jetpack_newsletter_access":"","_jetpack_dont_email_post_to_subs":false,"_jetpack_newsletter_tier_id":0,"_jetpack_memberships_contains_paywalled_content":false,"_jetpack_feature_clip_id":0,"_jetpack_memberships_contains_paid_content":false,"footnotes":"","jetpack_post_was_ever_published":false},"categories":[5,16,18,37,41,42,44,46,55,59,65,81,85,93,94,96],"tags":[],"class_list":["post-988","post","type-post","status-publish","format-standard","hentry","category-apprentissage","category-co-education","category-competition","category-ecole","category-egalite","category-egalite-des-chances","category-emancipation","category-enfant","category-exclusion","category-formation-des-enseignants","category-inegalites","category-politique-educative","category-promotion-collective","category-societe-educatrice","category-solidarite","category-systeme-educatif"],"jetpack_sharing_enabled":true,"jetpack_featured_media_url":"","_links":{"self":[{"href":"https:\/\/education-bien-commun.fr\/index.php?rest_route=\/wp\/v2\/posts\/988","targetHints":{"allow":["GET"]}}],"collection":[{"href":"https:\/\/education-bien-commun.fr\/index.php?rest_route=\/wp\/v2\/posts"}],"about":[{"href":"https:\/\/education-bien-commun.fr\/index.php?rest_route=\/wp\/v2\/types\/post"}],"author":[{"embeddable":true,"href":"https:\/\/education-bien-commun.fr\/index.php?rest_route=\/wp\/v2\/users\/3"}],"replies":[{"embeddable":true,"href":"https:\/\/education-bien-commun.fr\/index.php?rest_route=%2Fwp%2Fv2%2Fcomments&post=988"}],"version-history":[{"count":0,"href":"https:\/\/education-bien-commun.fr\/index.php?rest_route=\/wp\/v2\/posts\/988\/revisions"}],"wp:attachment":[{"href":"https:\/\/education-bien-commun.fr\/index.php?rest_route=%2Fwp%2Fv2%2Fmedia&parent=988"}],"wp:term":[{"taxonomy":"category","embeddable":true,"href":"https:\/\/education-bien-commun.fr\/index.php?rest_route=%2Fwp%2Fv2%2Fcategories&post=988"},{"taxonomy":"post_tag","embeddable":true,"href":"https:\/\/education-bien-commun.fr\/index.php?rest_route=%2Fwp%2Fv2%2Ftags&post=988"}],"curies":[{"name":"wp","href":"https:\/\/api.w.org\/{rel}","templated":true}]}}