{"id":995,"date":"2020-06-14T16:51:25","date_gmt":"2020-06-14T14:51:25","guid":{"rendered":"http:\/\/educationbiencommun.fr\/?p=995"},"modified":"2020-06-14T16:51:25","modified_gmt":"2020-06-14T14:51:25","slug":"leducation-artistique-est-un-vecteur-demancipation","status":"publish","type":"post","link":"https:\/\/education-bien-commun.fr\/?p=995","title":{"rendered":"L\u2019\u00e9ducation artistique est un vecteur d\u2019\u00e9mancipation"},"content":{"rendered":"\n<p class=\"wp-block-paragraph\">Publi\u00e9 dans \u00ab\u00a0Savoirs \u00e9mancipateurs\u00a0\u00bb<\/p>\n\n\n\n<p class=\"wp-block-paragraph\">La ministre de la Culture, Fran\u00e7oise Nyssen, a appel\u00e9 toutes les forces vives de notre pays \u00e0 <strong>se mobiliser pour r\u00e9affirmer la place des arts et de la culture dans notre soci\u00e9t\u00e9<\/strong>. Le pr\u00e9sident de la R\u00e9publique a, par ailleurs, souhait\u00e9 construire une politique de l\u2019\u00e9mancipation et de la dignit\u00e9. <strong>La formation d\u2019individus capables de s\u2019\u00e9manciper et de s\u2019affranchir des destins auxquels leur milieu social ou\/et g\u00e9ographique les assigne est au c\u0153ur de l\u2019ambition d\u00e9mocratique,<\/strong> l\u00e0 o\u00f9 le projet lib\u00e9ral a pour cons\u00e9quence d\u2019asservir ces m\u00eames individus aux lois du march\u00e9 dont le moteur est la pulsion consommatrice.<\/p>\n\n\n\n<h3 class=\"has-text-align-center wp-block-heading\"><strong><span class=\"has-inline-color has-vivid-purple-color\">D\u00e9mocratie<\/span><\/strong><\/h3>\n\n\n\n<p class=\"wp-block-paragraph\"><strong>Pour d\u00e9jouer l\u2019emprise de ce processus de d\u00e9-symbolisation<\/strong>, la n\u00e9cessit\u00e9 de l\u2019\u00e9mancipation individuelle et collective doit \u00eatre r\u00e9affirm\u00e9e avec une urgence absolue en l\u2019inscrivant au c\u0153ur des politiques publiques. L\u2019urgence est d\u2019autant plus forte que de <strong>nouveaux enjeux sont apparus\u00a0: ils sont \u00e9cologiques et exigent de nouveaux comportements<\/strong>\u00a0; ils concernent les libert\u00e9s fondamentales, notamment la libert\u00e9 de penser et d\u2019agir\u00a0; ils sont les cons\u00e9quences culturelles et politiques li\u00e9es \u00e0 l\u2019acc\u00e9l\u00e9ration de l\u2019\u00e9volution des technologies (intelligence artificielle\u2026)\u00a0; ils sont ceux du partage des richesses (les biens communs, les data\u2026)\u00a0; ils appellent \u00e0 red\u00e9finir les formes du service public et les pratiques de la d\u00e9mocratie.<\/p>\n\n\n\n<p class=\"wp-block-paragraph\">L\u2019\u00e9ducation artistique et culturelle constitue le vecteur majeur de la mise en \u0153uvre de cet objectif d\u2019\u00e9mancipation. Elle propose \u00e0 chacune et \u00e0 chacun, d\u00e8s l\u2019enfance et tout au long de la vie, d\u2019<strong>avoir acc\u00e8s \u00e0<\/strong> <strong>des exp\u00e9riences esth\u00e9tiques et de s\u2019engager dans des pratiques artistiques<\/strong>. Elle se nourrit de la rencontre avec les \u0153uvres et les artistes. Elle induit une dimension interpr\u00e9tative. Elle ouvre aux diff\u00e9rents champs de la cr\u00e9ation comme du <strong>patrimoine et de la culture scientifique et technique<\/strong>. Elle joue un r\u00f4le d\u00e9cisif dans la capacit\u00e9 de symboliser, dans le processus d\u2019individuation, dans<strong> l\u2019ouverture \u00e0 la diversit\u00e9 culturelle, dans le d\u00e9veloppement de l\u2019esprit critique et du discernement et dans l\u2019apprentissage de la citoyennet\u00e9<\/strong>. Elle est un ferment de d\u00e9mocratie.<\/p>\n\n\n\n<h3 class=\"has-text-align-center wp-block-heading\"><strong><span class=\"has-inline-color has-vivid-purple-color\">D\u00e9sorientation et sid\u00e9ration<\/span><\/strong><\/h3>\n\n\n\n<p class=\"wp-block-paragraph\"><strong>L\u2019\u00e9ducation artistique et culturelle ainsi d\u00e9finie, implique la mise en place d\u2019un plan de d\u00e9veloppement<\/strong> conduisant \u00e0\u00a0:<\/p>\n\n\n\n<ul class=\"wp-block-list\"><li>appliquer int\u00e9gralement la charte pour l\u2019\u00e9ducation artistique et culturelle adopt\u00e9e le\u00a08\u00a0juillet\u00a02016,<\/li><li>faire entrer dans la loi le droit \u00e0 la formation culturelle, \u00e0 la formation aux pratiques artistiques d\u2019amateurs tout au long de la vie, avec les financements correspondants,<\/li><li>inscrire dans tous les enseignements, y compris les mati\u00e8res scientifiques, une dimension culturelle,<\/li><li>remettre l\u2019\u00e9ducation artistique et culturelle au c\u0153ur de la formation initiale et continue des enseignants et des chefs d\u2019\u00e9tablissement,<\/li><li>rendre obligatoire l\u2019am\u00e9nagement de lieux d\u00e9di\u00e9s aux pratiques artistiques dans les \u00e9tablissements scolaires,<\/li><li>mettre en \u0153uvre des formations crois\u00e9es disciplinaires, interdisciplinaires et intersectorielles, associant tous les acteurs de la cha\u00eene de la transmission et de l\u2019\u00e9ducation sur l\u2019ensemble du territoire,<\/li><li>impulser un travail interminist\u00e9riel, en coh\u00e9rence avec la transversalit\u00e9 de ces actions,<\/li><li>renforcer la coop\u00e9ration entre les diff\u00e9rents financeurs, l\u2019Etat et les collectivit\u00e9s territoriales, pour construire une gouvernance partag\u00e9e garantissant la p\u00e9rennit\u00e9 des actions et l\u2019\u00e9quit\u00e9 entre les territoires.<\/li><\/ul>\n\n\n\n<p class=\"wp-block-paragraph\">D\u00e8s lors, nous appelons l\u2019Etat \u00e0 pr\u00e9parer avec nous, sans tarder, l\u2019<strong>organisation de chantiers de cr\u00e9ation interdisciplinaire associant artistes professionnels et amateurs, enseignants, chercheurs, m\u00e9diateurs, \u00e9ducateurs,<\/strong> dans toutes les r\u00e9gions de France de m\u00e9tropole et d\u2019outre-mer, chaque ann\u00e9e d\u00e8s l\u2019\u00e9t\u00e9\u00a02019. Parall\u00e8lement, nous appelons toutes celles et ceux engag\u00e9s dans des projets d\u2019\u00e9ducation artistique et culturelle \u00e0 rejoindre la coop\u00e9rative pour l\u2019\u00e9ducation artistique et culturelle dont la construction d\u00e9butera d\u00e8s le mois de septembre.<\/p>\n\n\n\n<p class=\"wp-block-paragraph\">La France foisonne de projets inventifs en mati\u00e8re d\u2019arts et de culture depuis plusieurs d\u00e9cennies. Pour faire face \u00e0 la d\u00e9sorientation et \u00e0 la sid\u00e9ration auxquelles nous sommes confront\u00e9s, le temps est venu du rassemblement de toutes ces forces vives au service d\u2019un nouveau projet collectif d\u2019\u00e9mancipation \u00e0 la hauteur des enjeux civilisationnels qui sont les n\u00f4tres.<\/p>\n\n\n\n<p class=\"wp-block-paragraph\">Des membres du collectif pour l\u2019\u00e9ducation par l\u2019art, de la Maison des \u00e9crivains et de la litt\u00e9rature et du r\u00e9seau Tras se sont r\u00e9unis du 16 au 18 ao\u00fbt 2018 \u00e0 l\u2019Aria en Corse et ont adopt\u00e9 l\u2019appel ci-dessus.<\/p>\n\n\n\n<p class=\"wp-block-paragraph\"><strong>Collectif pour l\u2019\u00e9ducation par l\u2019art&nbsp;:<\/strong>&nbsp;Robin Renucci, Jean-Marc Lauret, Fran\u00e7ois Deschamps, Jean-Claude Lallias, Jean-Gabriel Carasso, Philippe Meirieu, Emmanuel Wallon, Patrick Germain-Thomas, Marie-Laure Poveda.<\/p>\n\n\n\n<p class=\"wp-block-paragraph\"><strong>Maison des \u00e9crivains et de la litt\u00e9rature&nbsp;:<\/strong>&nbsp;Claude Eveno, Sylvie Gouttebaron, Michel Simonot, Philippe Morier-Genoud, Jude Isma\u00ebl, David Christoffel, Bruno Bonhoure, Kha\u00ef-Dong Luong, Mathias M\u00e9gard.<\/p>\n\n\n\n<p class=\"wp-block-paragraph\"><strong>R\u00e9seau Tras&nbsp;<\/strong>(transversale des r\u00e9seaux arts et sciences)&nbsp;: Antoine Conjard, Lucie Conjard. www.educationparlart.com; www.reseau-tras.org&nbsp;;&nbsp;<a href=\"http:\/\/m-e-l.fr\/\"><u>http:\/\/m-e-l.fr\/<\/u><\/a>&nbsp;www.ariacorse.net<\/p>\n\n\n\n<p class=\"wp-block-paragraph\"><a href=\"https:\/\/www.liberation.fr\/auteur\/18267-un-collectif-de-critiques-d-art\"><u>Un collectif de critiques d&rsquo;art<\/u><\/a><\/p>\n\n\n\n<p class=\"wp-block-paragraph\"><br><\/p>\n","protected":false},"excerpt":{"rendered":"<p>Publi\u00e9 dans \u00ab\u00a0Savoirs \u00e9mancipateurs\u00a0\u00bb La ministre de la Culture, Fran\u00e7oise Nyssen, a appel\u00e9 toutes les forces vives de notre pays \u00e0 se mobiliser pour r\u00e9affirmer la place des arts et de la culture dans notre soci\u00e9t\u00e9. Le pr\u00e9sident de la R\u00e9publique a, par ailleurs, souhait\u00e9 construire une politique de l\u2019\u00e9mancipation et de la dignit\u00e9. La&hellip; <a class=\"more-link\" href=\"https:\/\/education-bien-commun.fr\/?p=995\">Lire la suite <span class=\"screen-reader-text\">L\u2019\u00e9ducation artistique est un vecteur d\u2019\u00e9mancipation<\/span><\/a><\/p>\n","protected":false},"author":3,"featured_media":0,"comment_status":"open","ping_status":"open","sticky":false,"template":"","format":"standard","meta":{"_jetpack_newsletter_access":"","_jetpack_dont_email_post_to_subs":false,"_jetpack_newsletter_tier_id":0,"_jetpack_memberships_contains_paywalled_content":false,"_jetpack_feature_clip_id":0,"_jetpack_memberships_contains_paid_content":false,"footnotes":"","jetpack_post_was_ever_published":false},"categories":[5,9,14,28,29,31,33,38,44,53,78],"tags":[],"class_list":["post-995","post","type-post","status-publish","format-standard","hentry","category-apprentissage","category-bien-commun","category-citoyennete","category-creativite","category-culture","category-culture-pour-tous","category-democratie","category-ecologie","category-emancipation","category-esprit-critique","category-penser"],"jetpack_sharing_enabled":true,"jetpack_featured_media_url":"","_links":{"self":[{"href":"https:\/\/education-bien-commun.fr\/index.php?rest_route=\/wp\/v2\/posts\/995","targetHints":{"allow":["GET"]}}],"collection":[{"href":"https:\/\/education-bien-commun.fr\/index.php?rest_route=\/wp\/v2\/posts"}],"about":[{"href":"https:\/\/education-bien-commun.fr\/index.php?rest_route=\/wp\/v2\/types\/post"}],"author":[{"embeddable":true,"href":"https:\/\/education-bien-commun.fr\/index.php?rest_route=\/wp\/v2\/users\/3"}],"replies":[{"embeddable":true,"href":"https:\/\/education-bien-commun.fr\/index.php?rest_route=%2Fwp%2Fv2%2Fcomments&post=995"}],"version-history":[{"count":0,"href":"https:\/\/education-bien-commun.fr\/index.php?rest_route=\/wp\/v2\/posts\/995\/revisions"}],"wp:attachment":[{"href":"https:\/\/education-bien-commun.fr\/index.php?rest_route=%2Fwp%2Fv2%2Fmedia&parent=995"}],"wp:term":[{"taxonomy":"category","embeddable":true,"href":"https:\/\/education-bien-commun.fr\/index.php?rest_route=%2Fwp%2Fv2%2Fcategories&post=995"},{"taxonomy":"post_tag","embeddable":true,"href":"https:\/\/education-bien-commun.fr\/index.php?rest_route=%2Fwp%2Fv2%2Ftags&post=995"}],"curies":[{"name":"wp","href":"https:\/\/api.w.org\/{rel}","templated":true}]}}